{"id":10612,"date":"2020-07-07T22:19:05","date_gmt":"2020-07-07T20:19:05","guid":{"rendered":"https:\/\/embajadadepanamaenfrancia.fr\/s-e-issamary-sanchez-expondra-en-el-coloquio-practico-sabiduria-y-magia-en-la-incertidumbre-el-dia-14-de-julio\/"},"modified":"2020-07-08T12:07:24","modified_gmt":"2020-07-08T10:07:24","slug":"s-e-issamary-sanchez-fera-une-presentation-au-colloque-pratique-sagesse-et-magie-dans-lincertitude-le-14-juillet","status":"publish","type":"post","link":"https:\/\/embajadadepanamaenfrancia.fr\/fr\/s-e-issamary-sanchez-fera-une-presentation-au-colloque-pratique-sagesse-et-magie-dans-lincertitude-le-14-juillet\/","title":{"rendered":"S. E. Issamary Sanchez, fera une pr\u00e9sentation au \u00ab\u00a0Colloque pratique : Sagesse et Magie dans l&rsquo;incertitude\u00a0\u00bb, le 14 juillet"},"content":{"rendered":"<p>Son Excellence, Issamary S\u00e1nchez, a \u00e9t\u00e9 invit\u00e9e \u00e0 participer en tant que conf\u00e9renci\u00e8re au \u00ab\u00a0Colloque pratique: Sagesse et magie dans l&rsquo;incertitude\u00a0\u00bb, qui se tiendra le 14 juillet 2020, o\u00f9 elle pr\u00e9sentera son exp\u00e9rience professionnelle lors de la pand\u00e9mie de Covid 19.<\/p>\n<p><a href=\"https:\/\/event.on24.com\/eventRegistration\/EventLobbyServlet?target=reg30.jsp&amp;referrer=&amp;eventid=2494491&amp;sessionid=1&amp;key=9165D4E4D47E53E784E4A395880555B1&amp;regTag=&amp;sourcepage=register\" target=\"_blank\" rel=\"noopener noreferrer\">Pour vous inscrire \u00e0 ce webinaire: ici<\/a><\/p>\n<p>Organis\u00e9 par Innovating Politics.<\/p>\n<div id=\"attachment_10602\" style=\"width: 823px\" class=\"wp-caption alignnone\"><img loading=\"lazy\" decoding=\"async\" aria-describedby=\"caption-attachment-10602\" class=\"size-full wp-image-10602\" src=\"https:\/\/embajadadepanamaenfrancia.fr\/wp-content\/uploads\/2020\/07\/image005.png\" alt=\"\" width=\"813\" height=\"452\" srcset=\"https:\/\/embajadadepanamaenfrancia.fr\/wp-content\/uploads\/2020\/07\/image005.png 813w, https:\/\/embajadadepanamaenfrancia.fr\/wp-content\/uploads\/2020\/07\/image005-300x167.png 300w, https:\/\/embajadadepanamaenfrancia.fr\/wp-content\/uploads\/2020\/07\/image005-768x427.png 768w\" sizes=\"(max-width: 813px) 100vw, 813px\" \/><p id=\"caption-attachment-10602\" class=\"wp-caption-text\">S. E. Issamary Sanchez, fera une pr\u00e9sentation au \u00ab\u00a0Colloque pratique : Sagesse et magie dans l&rsquo;incertitude\u00a0\u00bb, le 14 juillet.<\/p><\/div>\n<p>&nbsp;<\/p>\n","protected":false},"excerpt":{"rendered":"<p>Son Excellence, Issamary S\u00e1nchez, a \u00e9t\u00e9 invit\u00e9e \u00e0 participer en tant que conf\u00e9renci\u00e8re au \u00ab\u00a0Colloque pratique: Sagesse et magie dans l&rsquo;incertitude\u00a0\u00bb, qui se tiendra le 14 juillet 2020, o\u00f9 elle pr\u00e9sentera son exp\u00e9rience professionnelle lors de la pand\u00e9mie de Covid 19. Pour vous inscrire \u00e0 ce webinaire: ici Organis\u00e9 par Innovating Politics. &nbsp;<\/p>\n","protected":false},"author":4,"featured_media":10611,"comment_status":"open","ping_status":"open","sticky":false,"template":"","format":"standard","meta":{"_et_pb_use_builder":"","_et_pb_old_content":"","_et_gb_content_width":"","footnotes":""},"categories":[34],"tags":[],"class_list":["post-10612","post","type-post","status-publish","format-standard","has-post-thumbnail","hentry","category-politique","et-has-post-format-content","et_post_format-et-post-format-standard"],"yoast_head":"<!-- This site is optimized with the Yoast SEO plugin v23.6 - https:\/\/yoast.com\/wordpress\/plugins\/seo\/ -->\n<title>S. E. Issamary Sanchez, fera une pr\u00e9sentation au &quot;Colloque pratique : Sagesse et Magie dans l&#039;incertitude&quot;, le 14 juillet - Embajada de Panam\u00e1 en Francia - Ambassade du Panama en France<\/title>\n<meta name=\"robots\" content=\"index, follow, max-snippet:-1, max-image-preview:large, max-video-preview:-1\" \/>\n<link rel=\"canonical\" href=\"https:\/\/embajadadepanamaenfrancia.fr\/fr\/s-e-issamary-sanchez-fera-une-presentation-au-colloque-pratique-sagesse-et-magie-dans-lincertitude-le-14-juillet\/\" \/>\n<meta property=\"og:locale\" content=\"fr_FR\" \/>\n<meta property=\"og:type\" content=\"article\" \/>\n<meta property=\"og:title\" content=\"S. E. Issamary Sanchez, fera une pr\u00e9sentation au &quot;Colloque pratique : Sagesse et Magie dans l&#039;incertitude&quot;, le 14 juillet - Embajada de Panam\u00e1 en Francia - Ambassade du Panama en France\" \/>\n<meta property=\"og:description\" content=\"Son Excellence, Issamary S\u00e1nchez, a \u00e9t\u00e9 invit\u00e9e \u00e0 participer en tant que conf\u00e9renci\u00e8re au \u00ab\u00a0Colloque pratique: Sagesse et magie dans l&rsquo;incertitude\u00a0\u00bb, qui se tiendra le 14 juillet 2020, o\u00f9 elle pr\u00e9sentera son exp\u00e9rience professionnelle lors de la pand\u00e9mie de Covid 19. Pour vous inscrire \u00e0 ce webinaire: ici Organis\u00e9 par Innovating Politics. &nbsp;\" \/>\n<meta property=\"og:url\" content=\"https:\/\/embajadadepanamaenfrancia.fr\/fr\/s-e-issamary-sanchez-fera-une-presentation-au-colloque-pratique-sagesse-et-magie-dans-lincertitude-le-14-juillet\/\" \/>\n<meta property=\"og:site_name\" content=\"Embajada de Panam\u00e1 en Francia - Ambassade du Panama en France\" \/>\n<meta property=\"article:published_time\" content=\"2020-07-07T20:19:05+00:00\" \/>\n<meta property=\"article:modified_time\" content=\"2020-07-08T10:07:24+00:00\" \/>\n<meta property=\"og:image\" content=\"https:\/\/embajadadepanamaenfrancia.fr\/wp-content\/uploads\/2020\/07\/coloquio.jpg\" \/>\n\t<meta property=\"og:image:width\" content=\"400\" \/>\n\t<meta property=\"og:image:height\" content=\"400\" \/>\n\t<meta property=\"og:image:type\" content=\"image\/jpeg\" \/>\n<meta name=\"author\" content=\"Embajada\" \/>\n<meta name=\"twitter:card\" content=\"summary_large_image\" \/>\n<meta name=\"twitter:label1\" content=\"\u00c9crit par\" \/>\n\t<meta name=\"twitter:data1\" content=\"Embajada\" \/>\n<script type=\"application\/ld+json\" class=\"yoast-schema-graph\">{\"@context\":\"https:\/\/schema.org\",\"@graph\":[{\"@type\":\"WebPage\",\"@id\":\"https:\/\/embajadadepanamaenfrancia.fr\/fr\/s-e-issamary-sanchez-fera-une-presentation-au-colloque-pratique-sagesse-et-magie-dans-lincertitude-le-14-juillet\/\",\"url\":\"https:\/\/embajadadepanamaenfrancia.fr\/fr\/s-e-issamary-sanchez-fera-une-presentation-au-colloque-pratique-sagesse-et-magie-dans-lincertitude-le-14-juillet\/\",\"name\":\"S. E. Issamary Sanchez, fera une pr\u00e9sentation au \\\"Colloque pratique : Sagesse et Magie dans l'incertitude\\\", le 14 juillet - Embajada de Panam\u00e1 en Francia - Ambassade du Panama en France\",\"isPartOf\":{\"@id\":\"https:\/\/embajadadepanamaenfrancia.fr\/fr\/#website\"},\"primaryImageOfPage\":{\"@id\":\"https:\/\/embajadadepanamaenfrancia.fr\/fr\/s-e-issamary-sanchez-fera-une-presentation-au-colloque-pratique-sagesse-et-magie-dans-lincertitude-le-14-juillet\/#primaryimage\"},\"image\":{\"@id\":\"https:\/\/embajadadepanamaenfrancia.fr\/fr\/s-e-issamary-sanchez-fera-une-presentation-au-colloque-pratique-sagesse-et-magie-dans-lincertitude-le-14-juillet\/#primaryimage\"},\"thumbnailUrl\":\"https:\/\/embajadadepanamaenfrancia.fr\/wp-content\/uploads\/2020\/07\/coloquio.jpg\",\"datePublished\":\"2020-07-07T20:19:05+00:00\",\"dateModified\":\"2020-07-08T10:07:24+00:00\",\"author\":{\"@id\":\"https:\/\/embajadadepanamaenfrancia.fr\/fr\/#\/schema\/person\/9c07295aa54fa6c2c6ab7c7f500d4f64\"},\"breadcrumb\":{\"@id\":\"https:\/\/embajadadepanamaenfrancia.fr\/fr\/s-e-issamary-sanchez-fera-une-presentation-au-colloque-pratique-sagesse-et-magie-dans-lincertitude-le-14-juillet\/#breadcrumb\"},\"inLanguage\":\"fr-FR\",\"potentialAction\":[{\"@type\":\"ReadAction\",\"target\":[\"https:\/\/embajadadepanamaenfrancia.fr\/fr\/s-e-issamary-sanchez-fera-une-presentation-au-colloque-pratique-sagesse-et-magie-dans-lincertitude-le-14-juillet\/\"]}]},{\"@type\":\"ImageObject\",\"inLanguage\":\"fr-FR\",\"@id\":\"https:\/\/embajadadepanamaenfrancia.fr\/fr\/s-e-issamary-sanchez-fera-une-presentation-au-colloque-pratique-sagesse-et-magie-dans-lincertitude-le-14-juillet\/#primaryimage\",\"url\":\"https:\/\/embajadadepanamaenfrancia.fr\/wp-content\/uploads\/2020\/07\/coloquio.jpg\",\"contentUrl\":\"https:\/\/embajadadepanamaenfrancia.fr\/wp-content\/uploads\/2020\/07\/coloquio.jpg\",\"width\":400,\"height\":400,\"caption\":\"S. E. Issamary S\u00e1nchez, expondr\u00e1 en el \u201cColoquio Pr\u00e1ctico: Sabidur\u00eda y Magia en la incertidumbre\u201d, el d\u00eda 14 de julio de 2020,\"},{\"@type\":\"BreadcrumbList\",\"@id\":\"https:\/\/embajadadepanamaenfrancia.fr\/fr\/s-e-issamary-sanchez-fera-une-presentation-au-colloque-pratique-sagesse-et-magie-dans-lincertitude-le-14-juillet\/#breadcrumb\",\"itemListElement\":[{\"@type\":\"ListItem\",\"position\":1,\"name\":\"Portada\",\"item\":\"https:\/\/embajadadepanamaenfrancia.fr\/fr\/\"},{\"@type\":\"ListItem\",\"position\":2,\"name\":\"S. E. Issamary Sanchez, fera une pr\u00e9sentation au \u00abColloque pratique : Sagesse et Magie dans l&#8217;incertitude\u00bb, le 14 juillet\"}]},{\"@type\":\"WebSite\",\"@id\":\"https:\/\/embajadadepanamaenfrancia.fr\/fr\/#website\",\"url\":\"https:\/\/embajadadepanamaenfrancia.fr\/fr\/\",\"name\":\"Embajada de Panam\u00e1 en Francia - Ambassade du Panama en France\",\"description\":\"Bienvenido al sitio de la Embajada de Panam\u00e1 en Francia - Bienvenu \u00e0 l&#039;Ambassade du Panama en France\",\"potentialAction\":[{\"@type\":\"SearchAction\",\"target\":{\"@type\":\"EntryPoint\",\"urlTemplate\":\"https:\/\/embajadadepanamaenfrancia.fr\/fr\/?s={search_term_string}\"},\"query-input\":{\"@type\":\"PropertyValueSpecification\",\"valueRequired\":true,\"valueName\":\"search_term_string\"}}],\"inLanguage\":\"fr-FR\"},{\"@type\":\"Person\",\"@id\":\"https:\/\/embajadadepanamaenfrancia.fr\/fr\/#\/schema\/person\/9c07295aa54fa6c2c6ab7c7f500d4f64\",\"name\":\"Embajada\",\"sameAs\":[\"http:\/\/0670114215\"],\"url\":\"https:\/\/embajadadepanamaenfrancia.fr\/fr\/author\/patagonia_torrijos\/\"}]}<\/script>\n<!-- \/ Yoast SEO plugin. -->","yoast_head_json":{"title":"S. E. Issamary Sanchez, fera une pr\u00e9sentation au \"Colloque pratique : Sagesse et Magie dans l'incertitude\", le 14 juillet - Embajada de Panam\u00e1 en Francia - Ambassade du Panama en France","robots":{"index":"index","follow":"follow","max-snippet":"max-snippet:-1","max-image-preview":"max-image-preview:large","max-video-preview":"max-video-preview:-1"},"canonical":"https:\/\/embajadadepanamaenfrancia.fr\/fr\/s-e-issamary-sanchez-fera-une-presentation-au-colloque-pratique-sagesse-et-magie-dans-lincertitude-le-14-juillet\/","og_locale":"fr_FR","og_type":"article","og_title":"S. E. Issamary Sanchez, fera une pr\u00e9sentation au \"Colloque pratique : Sagesse et Magie dans l'incertitude\", le 14 juillet - Embajada de Panam\u00e1 en Francia - Ambassade du Panama en France","og_description":"Son Excellence, Issamary S\u00e1nchez, a \u00e9t\u00e9 invit\u00e9e \u00e0 participer en tant que conf\u00e9renci\u00e8re au \u00ab\u00a0Colloque pratique: Sagesse et magie dans l&rsquo;incertitude\u00a0\u00bb, qui se tiendra le 14 juillet 2020, o\u00f9 elle pr\u00e9sentera son exp\u00e9rience professionnelle lors de la pand\u00e9mie de Covid 19. Pour vous inscrire \u00e0 ce webinaire: ici Organis\u00e9 par Innovating Politics. &nbsp;","og_url":"https:\/\/embajadadepanamaenfrancia.fr\/fr\/s-e-issamary-sanchez-fera-une-presentation-au-colloque-pratique-sagesse-et-magie-dans-lincertitude-le-14-juillet\/","og_site_name":"Embajada de Panam\u00e1 en Francia - Ambassade du Panama en France","article_published_time":"2020-07-07T20:19:05+00:00","article_modified_time":"2020-07-08T10:07:24+00:00","og_image":[{"width":400,"height":400,"url":"https:\/\/embajadadepanamaenfrancia.fr\/wp-content\/uploads\/2020\/07\/coloquio.jpg","type":"image\/jpeg"}],"author":"Embajada","twitter_card":"summary_large_image","twitter_misc":{"\u00c9crit par":"Embajada"},"schema":{"@context":"https:\/\/schema.org","@graph":[{"@type":"WebPage","@id":"https:\/\/embajadadepanamaenfrancia.fr\/fr\/s-e-issamary-sanchez-fera-une-presentation-au-colloque-pratique-sagesse-et-magie-dans-lincertitude-le-14-juillet\/","url":"https:\/\/embajadadepanamaenfrancia.fr\/fr\/s-e-issamary-sanchez-fera-une-presentation-au-colloque-pratique-sagesse-et-magie-dans-lincertitude-le-14-juillet\/","name":"S. E. Issamary Sanchez, fera une pr\u00e9sentation au \"Colloque pratique : Sagesse et Magie dans l'incertitude\", le 14 juillet - Embajada de Panam\u00e1 en Francia - Ambassade du Panama en France","isPartOf":{"@id":"https:\/\/embajadadepanamaenfrancia.fr\/fr\/#website"},"primaryImageOfPage":{"@id":"https:\/\/embajadadepanamaenfrancia.fr\/fr\/s-e-issamary-sanchez-fera-une-presentation-au-colloque-pratique-sagesse-et-magie-dans-lincertitude-le-14-juillet\/#primaryimage"},"image":{"@id":"https:\/\/embajadadepanamaenfrancia.fr\/fr\/s-e-issamary-sanchez-fera-une-presentation-au-colloque-pratique-sagesse-et-magie-dans-lincertitude-le-14-juillet\/#primaryimage"},"thumbnailUrl":"https:\/\/embajadadepanamaenfrancia.fr\/wp-content\/uploads\/2020\/07\/coloquio.jpg","datePublished":"2020-07-07T20:19:05+00:00","dateModified":"2020-07-08T10:07:24+00:00","author":{"@id":"https:\/\/embajadadepanamaenfrancia.fr\/fr\/#\/schema\/person\/9c07295aa54fa6c2c6ab7c7f500d4f64"},"breadcrumb":{"@id":"https:\/\/embajadadepanamaenfrancia.fr\/fr\/s-e-issamary-sanchez-fera-une-presentation-au-colloque-pratique-sagesse-et-magie-dans-lincertitude-le-14-juillet\/#breadcrumb"},"inLanguage":"fr-FR","potentialAction":[{"@type":"ReadAction","target":["https:\/\/embajadadepanamaenfrancia.fr\/fr\/s-e-issamary-sanchez-fera-une-presentation-au-colloque-pratique-sagesse-et-magie-dans-lincertitude-le-14-juillet\/"]}]},{"@type":"ImageObject","inLanguage":"fr-FR","@id":"https:\/\/embajadadepanamaenfrancia.fr\/fr\/s-e-issamary-sanchez-fera-une-presentation-au-colloque-pratique-sagesse-et-magie-dans-lincertitude-le-14-juillet\/#primaryimage","url":"https:\/\/embajadadepanamaenfrancia.fr\/wp-content\/uploads\/2020\/07\/coloquio.jpg","contentUrl":"https:\/\/embajadadepanamaenfrancia.fr\/wp-content\/uploads\/2020\/07\/coloquio.jpg","width":400,"height":400,"caption":"S. E. Issamary S\u00e1nchez, expondr\u00e1 en el \u201cColoquio Pr\u00e1ctico: Sabidur\u00eda y Magia en la incertidumbre\u201d, el d\u00eda 14 de julio de 2020,"},{"@type":"BreadcrumbList","@id":"https:\/\/embajadadepanamaenfrancia.fr\/fr\/s-e-issamary-sanchez-fera-une-presentation-au-colloque-pratique-sagesse-et-magie-dans-lincertitude-le-14-juillet\/#breadcrumb","itemListElement":[{"@type":"ListItem","position":1,"name":"Portada","item":"https:\/\/embajadadepanamaenfrancia.fr\/fr\/"},{"@type":"ListItem","position":2,"name":"S. E. Issamary Sanchez, fera une pr\u00e9sentation au \u00abColloque pratique : Sagesse et Magie dans l&#8217;incertitude\u00bb, le 14 juillet"}]},{"@type":"WebSite","@id":"https:\/\/embajadadepanamaenfrancia.fr\/fr\/#website","url":"https:\/\/embajadadepanamaenfrancia.fr\/fr\/","name":"Embajada de Panam\u00e1 en Francia - Ambassade du Panama en France","description":"Bienvenido al sitio de la Embajada de Panam\u00e1 en Francia - Bienvenu \u00e0 l&#039;Ambassade du Panama en France","potentialAction":[{"@type":"SearchAction","target":{"@type":"EntryPoint","urlTemplate":"https:\/\/embajadadepanamaenfrancia.fr\/fr\/?s={search_term_string}"},"query-input":{"@type":"PropertyValueSpecification","valueRequired":true,"valueName":"search_term_string"}}],"inLanguage":"fr-FR"},{"@type":"Person","@id":"https:\/\/embajadadepanamaenfrancia.fr\/fr\/#\/schema\/person\/9c07295aa54fa6c2c6ab7c7f500d4f64","name":"Embajada","sameAs":["http:\/\/0670114215"],"url":"https:\/\/embajadadepanamaenfrancia.fr\/fr\/author\/patagonia_torrijos\/"}]}},"_links":{"self":[{"href":"https:\/\/embajadadepanamaenfrancia.fr\/fr\/wp-json\/wp\/v2\/posts\/10612"}],"collection":[{"href":"https:\/\/embajadadepanamaenfrancia.fr\/fr\/wp-json\/wp\/v2\/posts"}],"about":[{"href":"https:\/\/embajadadepanamaenfrancia.fr\/fr\/wp-json\/wp\/v2\/types\/post"}],"author":[{"embeddable":true,"href":"https:\/\/embajadadepanamaenfrancia.fr\/fr\/wp-json\/wp\/v2\/users\/4"}],"replies":[{"embeddable":true,"href":"https:\/\/embajadadepanamaenfrancia.fr\/fr\/wp-json\/wp\/v2\/comments?post=10612"}],"version-history":[{"count":2,"href":"https:\/\/embajadadepanamaenfrancia.fr\/fr\/wp-json\/wp\/v2\/posts\/10612\/revisions"}],"predecessor-version":[{"id":10614,"href":"https:\/\/embajadadepanamaenfrancia.fr\/fr\/wp-json\/wp\/v2\/posts\/10612\/revisions\/10614"}],"wp:featuredmedia":[{"embeddable":true,"href":"https:\/\/embajadadepanamaenfrancia.fr\/fr\/wp-json\/wp\/v2\/media\/10611"}],"wp:attachment":[{"href":"https:\/\/embajadadepanamaenfrancia.fr\/fr\/wp-json\/wp\/v2\/media?parent=10612"}],"wp:term":[{"taxonomy":"category","embeddable":true,"href":"https:\/\/embajadadepanamaenfrancia.fr\/fr\/wp-json\/wp\/v2\/categories?post=10612"},{"taxonomy":"post_tag","embeddable":true,"href":"https:\/\/embajadadepanamaenfrancia.fr\/fr\/wp-json\/wp\/v2\/tags?post=10612"}],"curies":[{"name":"wp","href":"https:\/\/api.w.org\/{rel}","templated":true}]}}