{"id":11126,"date":"2020-09-01T11:48:50","date_gmt":"2020-09-01T09:48:50","guid":{"rendered":"https:\/\/embajadadepanamaenfrancia.fr\/canal-de-panama-protege-a-su-fauna-marina-con-limite-de-velocidad-a-barcos\/"},"modified":"2020-09-01T12:07:04","modified_gmt":"2020-09-01T10:07:04","slug":"le-canal-de-panama-protege-sa-faune-marine","status":"publish","type":"post","link":"https:\/\/embajadadepanamaenfrancia.fr\/fr\/le-canal-de-panama-protege-sa-faune-marine\/","title":{"rendered":"Le canal de Panama prot\u00e8ge sa faune marine"},"content":{"rendered":"<p><iframe loading=\"lazy\" title=\"Canal de Panam\u00e1 protege a los cet\u00e1ceos\" width=\"1080\" height=\"608\" src=\"https:\/\/www.youtube.com\/embed\/GZi1LDCOWTs?feature=oembed\" frameborder=\"0\" allow=\"accelerometer; autoplay; encrypted-media; gyroscope; picture-in-picture\" allowfullscreen><\/iframe><\/p>\n<p style=\"text-align: justify;\">\u00c0 compter du 1er ao\u00fbt et jusqu&rsquo;au 30 novembre 2020, une nouvelle p\u00e9riode entrera en vigueur pour se conformer aux recommandations annuelles de vitesse et de trafic maritime \u00e9tablies par l&rsquo;Organisation maritime internationale (OMI) depuis 2014, ce qui limite la vitesse de navigation des navires dans les zones \u00e9tablies. Cette p\u00e9riode co\u00efncide avec le d\u00e9but de la saison de migration des c\u00e9tac\u00e9s et des observations dans les eaux du <strong>Panama<\/strong>.<\/p>\n<p style=\"text-align: justify;\">Le Panama dispose, depuis le 1er d\u00e9cembre 2014, de dispositifs de s\u00e9paration du trafic maritime (TSS) situ\u00e9s \u00e0 Crist\u00f3bal, dans la mer des Cara\u00efbes et sur la c\u00f4te de l&rsquo;oc\u00e9an Pacifique, tous deux sur les routes de navigation du Entr\u00e9es du canal.<\/p>\n<p style=\"text-align: justify;\">C&rsquo;est pourquoi le <strong>Canal de Panama<\/strong> a r\u00e9it\u00e9r\u00e9 \u00e0 ses clients la n\u00e9cessit\u00e9 de se conformer aux sch\u00e9mas TSS \u00e9tablis par l&rsquo;OMI dans les zones de convergence et de haute densit\u00e9 comme mesure de pr\u00e9servation des baleines. Pendant la p\u00e9riode de validit\u00e9 du r\u00e8glement, les navires qui vont traverser le canal doivent limiter la vitesse de navigation dans les zones \u00e9tablies \u00e0 10 n\u0153uds, comme mentionn\u00e9 dans le r\u00e8glement.<\/p>\n","protected":false},"excerpt":{"rendered":"<p>\u00c0 compter du 1er ao\u00fbt et jusqu&rsquo;au 30 novembre 2020, une nouvelle p\u00e9riode entrera en vigueur pour se conformer aux recommandations annuelles de vitesse et de trafic maritime \u00e9tablies par l&rsquo;Organisation maritime internationale (OMI) depuis 2014, ce qui limite la vitesse de navigation des navires dans les zones \u00e9tablies. Cette p\u00e9riode co\u00efncide avec le d\u00e9but [&hellip;]<\/p>\n","protected":false},"author":4,"featured_media":11125,"comment_status":"open","ping_status":"open","sticky":false,"template":"","format":"standard","meta":{"_et_pb_use_builder":"","_et_pb_old_content":"","_et_gb_content_width":"","footnotes":""},"categories":[116,36],"tags":[],"class_list":["post-11126","post","type-post","status-publish","format-standard","has-post-thumbnail","hentry","category-canal-de-panama-fr","category-couverture","et-has-post-format-content","et_post_format-et-post-format-standard"],"yoast_head":"<!-- This site is optimized with the Yoast SEO plugin v23.6 - https:\/\/yoast.com\/wordpress\/plugins\/seo\/ -->\n<title>Le canal de Panama prot\u00e8ge sa faune marine - Embajada de Panam\u00e1 en Francia - Ambassade du Panama en France<\/title>\n<meta name=\"robots\" content=\"index, follow, max-snippet:-1, max-image-preview:large, max-video-preview:-1\" \/>\n<link rel=\"canonical\" href=\"https:\/\/embajadadepanamaenfrancia.fr\/fr\/le-canal-de-panama-protege-sa-faune-marine\/\" \/>\n<meta property=\"og:locale\" content=\"fr_FR\" \/>\n<meta property=\"og:type\" content=\"article\" \/>\n<meta property=\"og:title\" content=\"Le canal de Panama prot\u00e8ge sa faune marine - Embajada de Panam\u00e1 en Francia - Ambassade du Panama en France\" \/>\n<meta property=\"og:description\" content=\"\u00c0 compter du 1er ao\u00fbt et jusqu&rsquo;au 30 novembre 2020, une nouvelle p\u00e9riode entrera en vigueur pour se conformer aux recommandations annuelles de vitesse et de trafic maritime \u00e9tablies par l&rsquo;Organisation maritime internationale (OMI) depuis 2014, ce qui limite la vitesse de navigation des navires dans les zones \u00e9tablies. Cette p\u00e9riode co\u00efncide avec le d\u00e9but [&hellip;]\" \/>\n<meta property=\"og:url\" content=\"https:\/\/embajadadepanamaenfrancia.fr\/fr\/le-canal-de-panama-protege-sa-faune-marine\/\" \/>\n<meta property=\"og:site_name\" content=\"Embajada de Panam\u00e1 en Francia - Ambassade du Panama en France\" \/>\n<meta property=\"article:published_time\" content=\"2020-09-01T09:48:50+00:00\" \/>\n<meta property=\"article:modified_time\" content=\"2020-09-01T10:07:04+00:00\" \/>\n<meta property=\"og:image\" content=\"https:\/\/embajadadepanamaenfrancia.fr\/wp-content\/uploads\/2020\/09\/canal-de-panama-protege-su-fauna-marina.jpg\" \/>\n\t<meta property=\"og:image:width\" content=\"1579\" \/>\n\t<meta property=\"og:image:height\" content=\"850\" \/>\n\t<meta property=\"og:image:type\" content=\"image\/jpeg\" \/>\n<meta name=\"author\" content=\"Embajada\" \/>\n<meta name=\"twitter:card\" content=\"summary_large_image\" \/>\n<meta name=\"twitter:label1\" content=\"\u00c9crit par\" \/>\n\t<meta name=\"twitter:data1\" content=\"Embajada\" \/>\n\t<meta name=\"twitter:label2\" content=\"Dur\u00e9e de lecture estim\u00e9e\" \/>\n\t<meta name=\"twitter:data2\" content=\"1 minute\" \/>\n<script type=\"application\/ld+json\" class=\"yoast-schema-graph\">{\"@context\":\"https:\/\/schema.org\",\"@graph\":[{\"@type\":\"WebPage\",\"@id\":\"https:\/\/embajadadepanamaenfrancia.fr\/fr\/le-canal-de-panama-protege-sa-faune-marine\/\",\"url\":\"https:\/\/embajadadepanamaenfrancia.fr\/fr\/le-canal-de-panama-protege-sa-faune-marine\/\",\"name\":\"Le canal de Panama prot\u00e8ge sa faune marine - Embajada de Panam\u00e1 en Francia - Ambassade du Panama en France\",\"isPartOf\":{\"@id\":\"https:\/\/embajadadepanamaenfrancia.fr\/fr\/#website\"},\"primaryImageOfPage\":{\"@id\":\"https:\/\/embajadadepanamaenfrancia.fr\/fr\/le-canal-de-panama-protege-sa-faune-marine\/#primaryimage\"},\"image\":{\"@id\":\"https:\/\/embajadadepanamaenfrancia.fr\/fr\/le-canal-de-panama-protege-sa-faune-marine\/#primaryimage\"},\"thumbnailUrl\":\"https:\/\/embajadadepanamaenfrancia.fr\/wp-content\/uploads\/2020\/09\/canal-de-panama-protege-su-fauna-marina.jpg\",\"datePublished\":\"2020-09-01T09:48:50+00:00\",\"dateModified\":\"2020-09-01T10:07:04+00:00\",\"author\":{\"@id\":\"https:\/\/embajadadepanamaenfrancia.fr\/fr\/#\/schema\/person\/9c07295aa54fa6c2c6ab7c7f500d4f64\"},\"breadcrumb\":{\"@id\":\"https:\/\/embajadadepanamaenfrancia.fr\/fr\/le-canal-de-panama-protege-sa-faune-marine\/#breadcrumb\"},\"inLanguage\":\"fr-FR\",\"potentialAction\":[{\"@type\":\"ReadAction\",\"target\":[\"https:\/\/embajadadepanamaenfrancia.fr\/fr\/le-canal-de-panama-protege-sa-faune-marine\/\"]}]},{\"@type\":\"ImageObject\",\"inLanguage\":\"fr-FR\",\"@id\":\"https:\/\/embajadadepanamaenfrancia.fr\/fr\/le-canal-de-panama-protege-sa-faune-marine\/#primaryimage\",\"url\":\"https:\/\/embajadadepanamaenfrancia.fr\/wp-content\/uploads\/2020\/09\/canal-de-panama-protege-su-fauna-marina.jpg\",\"contentUrl\":\"https:\/\/embajadadepanamaenfrancia.fr\/wp-content\/uploads\/2020\/09\/canal-de-panama-protege-su-fauna-marina.jpg\",\"width\":1579,\"height\":850,\"caption\":\"canal de panama protege su fauna marina\"},{\"@type\":\"BreadcrumbList\",\"@id\":\"https:\/\/embajadadepanamaenfrancia.fr\/fr\/le-canal-de-panama-protege-sa-faune-marine\/#breadcrumb\",\"itemListElement\":[{\"@type\":\"ListItem\",\"position\":1,\"name\":\"Portada\",\"item\":\"https:\/\/embajadadepanamaenfrancia.fr\/fr\/\"},{\"@type\":\"ListItem\",\"position\":2,\"name\":\"Le canal de Panama prot\u00e8ge sa faune marine\"}]},{\"@type\":\"WebSite\",\"@id\":\"https:\/\/embajadadepanamaenfrancia.fr\/fr\/#website\",\"url\":\"https:\/\/embajadadepanamaenfrancia.fr\/fr\/\",\"name\":\"Embajada de Panam\u00e1 en Francia - Ambassade du Panama en France\",\"description\":\"Bienvenido al sitio de la Embajada de Panam\u00e1 en Francia - Bienvenu \u00e0 l&#039;Ambassade du Panama en France\",\"potentialAction\":[{\"@type\":\"SearchAction\",\"target\":{\"@type\":\"EntryPoint\",\"urlTemplate\":\"https:\/\/embajadadepanamaenfrancia.fr\/fr\/?s={search_term_string}\"},\"query-input\":{\"@type\":\"PropertyValueSpecification\",\"valueRequired\":true,\"valueName\":\"search_term_string\"}}],\"inLanguage\":\"fr-FR\"},{\"@type\":\"Person\",\"@id\":\"https:\/\/embajadadepanamaenfrancia.fr\/fr\/#\/schema\/person\/9c07295aa54fa6c2c6ab7c7f500d4f64\",\"name\":\"Embajada\",\"sameAs\":[\"http:\/\/0670114215\"],\"url\":\"https:\/\/embajadadepanamaenfrancia.fr\/fr\/author\/patagonia_torrijos\/\"}]}<\/script>\n<!-- \/ Yoast SEO plugin. -->","yoast_head_json":{"title":"Le canal de Panama prot\u00e8ge sa faune marine - Embajada de Panam\u00e1 en Francia - Ambassade du Panama en France","robots":{"index":"index","follow":"follow","max-snippet":"max-snippet:-1","max-image-preview":"max-image-preview:large","max-video-preview":"max-video-preview:-1"},"canonical":"https:\/\/embajadadepanamaenfrancia.fr\/fr\/le-canal-de-panama-protege-sa-faune-marine\/","og_locale":"fr_FR","og_type":"article","og_title":"Le canal de Panama prot\u00e8ge sa faune marine - Embajada de Panam\u00e1 en Francia - Ambassade du Panama en France","og_description":"\u00c0 compter du 1er ao\u00fbt et jusqu&rsquo;au 30 novembre 2020, une nouvelle p\u00e9riode entrera en vigueur pour se conformer aux recommandations annuelles de vitesse et de trafic maritime \u00e9tablies par l&rsquo;Organisation maritime internationale (OMI) depuis 2014, ce qui limite la vitesse de navigation des navires dans les zones \u00e9tablies. Cette p\u00e9riode co\u00efncide avec le d\u00e9but [&hellip;]","og_url":"https:\/\/embajadadepanamaenfrancia.fr\/fr\/le-canal-de-panama-protege-sa-faune-marine\/","og_site_name":"Embajada de Panam\u00e1 en Francia - Ambassade du Panama en France","article_published_time":"2020-09-01T09:48:50+00:00","article_modified_time":"2020-09-01T10:07:04+00:00","og_image":[{"width":1579,"height":850,"url":"https:\/\/embajadadepanamaenfrancia.fr\/wp-content\/uploads\/2020\/09\/canal-de-panama-protege-su-fauna-marina.jpg","type":"image\/jpeg"}],"author":"Embajada","twitter_card":"summary_large_image","twitter_misc":{"\u00c9crit par":"Embajada","Dur\u00e9e de lecture estim\u00e9e":"1 minute"},"schema":{"@context":"https:\/\/schema.org","@graph":[{"@type":"WebPage","@id":"https:\/\/embajadadepanamaenfrancia.fr\/fr\/le-canal-de-panama-protege-sa-faune-marine\/","url":"https:\/\/embajadadepanamaenfrancia.fr\/fr\/le-canal-de-panama-protege-sa-faune-marine\/","name":"Le canal de Panama prot\u00e8ge sa faune marine - Embajada de Panam\u00e1 en Francia - Ambassade du Panama en France","isPartOf":{"@id":"https:\/\/embajadadepanamaenfrancia.fr\/fr\/#website"},"primaryImageOfPage":{"@id":"https:\/\/embajadadepanamaenfrancia.fr\/fr\/le-canal-de-panama-protege-sa-faune-marine\/#primaryimage"},"image":{"@id":"https:\/\/embajadadepanamaenfrancia.fr\/fr\/le-canal-de-panama-protege-sa-faune-marine\/#primaryimage"},"thumbnailUrl":"https:\/\/embajadadepanamaenfrancia.fr\/wp-content\/uploads\/2020\/09\/canal-de-panama-protege-su-fauna-marina.jpg","datePublished":"2020-09-01T09:48:50+00:00","dateModified":"2020-09-01T10:07:04+00:00","author":{"@id":"https:\/\/embajadadepanamaenfrancia.fr\/fr\/#\/schema\/person\/9c07295aa54fa6c2c6ab7c7f500d4f64"},"breadcrumb":{"@id":"https:\/\/embajadadepanamaenfrancia.fr\/fr\/le-canal-de-panama-protege-sa-faune-marine\/#breadcrumb"},"inLanguage":"fr-FR","potentialAction":[{"@type":"ReadAction","target":["https:\/\/embajadadepanamaenfrancia.fr\/fr\/le-canal-de-panama-protege-sa-faune-marine\/"]}]},{"@type":"ImageObject","inLanguage":"fr-FR","@id":"https:\/\/embajadadepanamaenfrancia.fr\/fr\/le-canal-de-panama-protege-sa-faune-marine\/#primaryimage","url":"https:\/\/embajadadepanamaenfrancia.fr\/wp-content\/uploads\/2020\/09\/canal-de-panama-protege-su-fauna-marina.jpg","contentUrl":"https:\/\/embajadadepanamaenfrancia.fr\/wp-content\/uploads\/2020\/09\/canal-de-panama-protege-su-fauna-marina.jpg","width":1579,"height":850,"caption":"canal de panama protege su fauna marina"},{"@type":"BreadcrumbList","@id":"https:\/\/embajadadepanamaenfrancia.fr\/fr\/le-canal-de-panama-protege-sa-faune-marine\/#breadcrumb","itemListElement":[{"@type":"ListItem","position":1,"name":"Portada","item":"https:\/\/embajadadepanamaenfrancia.fr\/fr\/"},{"@type":"ListItem","position":2,"name":"Le canal de Panama prot\u00e8ge sa faune marine"}]},{"@type":"WebSite","@id":"https:\/\/embajadadepanamaenfrancia.fr\/fr\/#website","url":"https:\/\/embajadadepanamaenfrancia.fr\/fr\/","name":"Embajada de Panam\u00e1 en Francia - Ambassade du Panama en France","description":"Bienvenido al sitio de la Embajada de Panam\u00e1 en Francia - Bienvenu \u00e0 l&#039;Ambassade du Panama en France","potentialAction":[{"@type":"SearchAction","target":{"@type":"EntryPoint","urlTemplate":"https:\/\/embajadadepanamaenfrancia.fr\/fr\/?s={search_term_string}"},"query-input":{"@type":"PropertyValueSpecification","valueRequired":true,"valueName":"search_term_string"}}],"inLanguage":"fr-FR"},{"@type":"Person","@id":"https:\/\/embajadadepanamaenfrancia.fr\/fr\/#\/schema\/person\/9c07295aa54fa6c2c6ab7c7f500d4f64","name":"Embajada","sameAs":["http:\/\/0670114215"],"url":"https:\/\/embajadadepanamaenfrancia.fr\/fr\/author\/patagonia_torrijos\/"}]}},"_links":{"self":[{"href":"https:\/\/embajadadepanamaenfrancia.fr\/fr\/wp-json\/wp\/v2\/posts\/11126"}],"collection":[{"href":"https:\/\/embajadadepanamaenfrancia.fr\/fr\/wp-json\/wp\/v2\/posts"}],"about":[{"href":"https:\/\/embajadadepanamaenfrancia.fr\/fr\/wp-json\/wp\/v2\/types\/post"}],"author":[{"embeddable":true,"href":"https:\/\/embajadadepanamaenfrancia.fr\/fr\/wp-json\/wp\/v2\/users\/4"}],"replies":[{"embeddable":true,"href":"https:\/\/embajadadepanamaenfrancia.fr\/fr\/wp-json\/wp\/v2\/comments?post=11126"}],"version-history":[{"count":3,"href":"https:\/\/embajadadepanamaenfrancia.fr\/fr\/wp-json\/wp\/v2\/posts\/11126\/revisions"}],"predecessor-version":[{"id":11129,"href":"https:\/\/embajadadepanamaenfrancia.fr\/fr\/wp-json\/wp\/v2\/posts\/11126\/revisions\/11129"}],"wp:featuredmedia":[{"embeddable":true,"href":"https:\/\/embajadadepanamaenfrancia.fr\/fr\/wp-json\/wp\/v2\/media\/11125"}],"wp:attachment":[{"href":"https:\/\/embajadadepanamaenfrancia.fr\/fr\/wp-json\/wp\/v2\/media?parent=11126"}],"wp:term":[{"taxonomy":"category","embeddable":true,"href":"https:\/\/embajadadepanamaenfrancia.fr\/fr\/wp-json\/wp\/v2\/categories?post=11126"},{"taxonomy":"post_tag","embeddable":true,"href":"https:\/\/embajadadepanamaenfrancia.fr\/fr\/wp-json\/wp\/v2\/tags?post=11126"}],"curies":[{"name":"wp","href":"https:\/\/api.w.org\/{rel}","templated":true}]}}