{"id":12393,"date":"2020-12-16T12:45:59","date_gmt":"2020-12-16T11:45:59","guid":{"rendered":"https:\/\/embajadadepanamaenfrancia.fr\/panama-no-puede-continuar-siendo-un-chivo-expiatorio-sostiene-canciller-erika-mouynes\/"},"modified":"2021-02-02T13:51:59","modified_gmt":"2021-02-02T12:51:59","slug":"le-panama-ne-peut-pas-continuer-a-etre-un-bouc-emissaire-declare-la-ministre-des-affaires-etrangeres-erika-mouynes","status":"publish","type":"post","link":"https:\/\/embajadadepanamaenfrancia.fr\/fr\/le-panama-ne-peut-pas-continuer-a-etre-un-bouc-emissaire-declare-la-ministre-des-affaires-etrangeres-erika-mouynes\/","title":{"rendered":"Le Panama ne peut pas continuer \u00e0 \u00eatre un bouc \u00e9missaire, d\u00e9clare la Ministre des affaires \u00e9trang\u00e8res Erika Mouynes."},"content":{"rendered":"<p>[et_pb_section][et_pb_row][et_pb_column type=\u00a0\u00bb4_4&Prime;][et_pb_text]Source: <a href=\"https:\/\/www.laverdadpanama.com.pa\/panama-no-puede-continuar-siendo-un-chivo-expiatorio-sostiene-canciller-erika-mouynes\/\" target=\"_blank\" rel=\"noopener\">www.laverdadpanama<\/a><\/p>\n<p>Au cours d&rsquo;une conf\u00e9rence virtuelle organis\u00e9e dans le cadre de la r\u00e9union des ministres de l&rsquo;Union europ\u00e9enne, la ministre panam\u00e9enne des affaires \u00e9trang\u00e8res, Erika Mouynes, a d\u00e9clar\u00e9 aujourd&rsquo;hui qu'\u00a0\u00bbil n&rsquo;existe aucune corr\u00e9lation justifiable entre la mani\u00e8re dont nous sommes trait\u00e9s et les pr\u00e9judices que nous subissons, et la r\u00e9alit\u00e9 de notre syst\u00e8me international de services financiers\u00a0\u00bb.<\/p>\n<p>La ministre des affaires \u00e9trang\u00e8res est all\u00e9e plus loin dans son discours devant ses pairs europ\u00e9ens, et a demand\u00e9 que les r\u00e9alit\u00e9s auxquelles il faut faire face soient discut\u00e9es, et a assur\u00e9 cat\u00e9goriquement que le Panama a servi de bouc \u00e9missaire pour les destinations des transactions illicites, alors qu&rsquo;en v\u00e9rit\u00e9, les statistiques et les analyses internationales montrent que les nombreuses accusations qui nous sont faites sont infond\u00e9es, puisque le probl\u00e8me ne se situe pas dans notre pays.<\/p>\n<p><img loading=\"lazy\" decoding=\"async\" class=\"aligncenter size-full wp-image-12390\" src=\"https:\/\/embajadadepanamaenfrancia.fr\/wp-content\/uploads\/2020\/12\/IMG-20201215-WA0265.jpg\" alt=\"\" width=\"1024\" height=\"628\" srcset=\"https:\/\/embajadadepanamaenfrancia.fr\/wp-content\/uploads\/2020\/12\/IMG-20201215-WA0265.jpg 1024w, https:\/\/embajadadepanamaenfrancia.fr\/wp-content\/uploads\/2020\/12\/IMG-20201215-WA0265-300x184.jpg 300w, https:\/\/embajadadepanamaenfrancia.fr\/wp-content\/uploads\/2020\/12\/IMG-20201215-WA0265-768x471.jpg 768w\" sizes=\"(max-width: 1024px) 100vw, 1024px\" \/><\/p>\n<p>Dans le pass\u00e9, la ministre des affaires \u00e9trang\u00e8res Mouynes a particip\u00e9 \u00e0 divers forums internationaux, dans lesquels elle a rejet\u00e9 avec v\u00e9h\u00e9mence les remarques offensantes \u00e0 l&rsquo;encontre de notre pays.<\/p>\n<p>Par exemple, en France, lors du Forum mondial de l&rsquo;OCDE, elle a exig\u00e9 qu&rsquo;\u00e0 cette importante r\u00e9union, ils cessent de se concentrer sur les messages et les listes n\u00e9gatives. \u00c0 cette occasion, il a indiqu\u00e9 tr\u00e8s clairement que le Panama a pris d&rsquo;innombrables mesures concr\u00e8tes pour parvenir \u00e0 une plus grande transparence fiscale, et a demand\u00e9 que tous ces efforts soient reconnus.<\/p>\n<p>&nbsp;<\/p>\n<p>En el pasado, la Canciller Mouynes ha participado en varios foros internacionales, en los que ha rechazado con vehemencia, se\u00f1alamientos ofensivos, contra nuestro pa\u00eds.<\/p>\n<p>Por ejemplo, en Francia, durante el Foro Global de la OCDE, demand\u00f3 que en ese importante encuentro, dejaran de enfocarse en mensajes negativos y en listados. En aquella oportunidad, dej\u00f3 muy claro que Panam\u00e1 ha dado innumerables pasos concretos, para lograr mayor transparencia fiscal, y exigi\u00f3 que se reconocieran todos esos esfuerzos.[\/et_pb_text][\/et_pb_column][\/et_pb_row][\/et_pb_section]<\/p>\n","protected":false},"excerpt":{"rendered":"<p>[et_pb_section][et_pb_row][et_pb_column type=\u00a0\u00bb4_4&Prime;][et_pb_text]Source: www.laverdadpanama Au cours d&rsquo;une conf\u00e9rence virtuelle organis\u00e9e dans le cadre de la r\u00e9union des ministres de l&rsquo;Union europ\u00e9enne, la ministre panam\u00e9enne des affaires \u00e9trang\u00e8res, Erika Mouynes, a d\u00e9clar\u00e9 aujourd&rsquo;hui qu&rsquo;\u00a0\u00bbil n&rsquo;existe aucune corr\u00e9lation justifiable entre la mani\u00e8re dont nous sommes trait\u00e9s et les pr\u00e9judices que nous subissons, et la r\u00e9alit\u00e9 de notre syst\u00e8me [&hellip;]<\/p>\n","protected":false},"author":4,"featured_media":12387,"comment_status":"open","ping_status":"open","sticky":false,"template":"","format":"standard","meta":{"_et_pb_use_builder":"","_et_pb_old_content":"Source: <a href=\"https:\/\/www.laverdadpanama.com.pa\/panama-no-puede-continuar-siendo-un-chivo-expiatorio-sostiene-canciller-erika-mouynes\/\" target=\"_blank\" rel=\"noopener\">www.laverdadpanama<\/a>\r\n\r\nAu cours d'une conf\u00e9rence virtuelle organis\u00e9e dans le cadre de la r\u00e9union des ministres de l'Union europ\u00e9enne, la ministre panam\u00e9enne des affaires \u00e9trang\u00e8res, Erika Mouynes, a d\u00e9clar\u00e9 aujourd'hui qu'\"il n'existe aucune corr\u00e9lation justifiable entre la mani\u00e8re dont nous sommes trait\u00e9s et les pr\u00e9judices que nous subissons, et la r\u00e9alit\u00e9 de notre syst\u00e8me international de services financiers\".\r\n\r\nLa ministre des affaires \u00e9trang\u00e8res est all\u00e9e plus loin dans son discours devant ses pairs europ\u00e9ens, et a demand\u00e9 que les r\u00e9alit\u00e9s auxquelles il faut faire face soient discut\u00e9es, et a assur\u00e9 cat\u00e9goriquement que le Panama a servi de bouc \u00e9missaire pour les destinations des transactions illicites, alors qu'en v\u00e9rit\u00e9, les statistiques et les analyses internationales montrent que les nombreuses accusations qui nous sont faites sont infond\u00e9es, puisque le probl\u00e8me ne se situe pas dans notre pays.\r\n\r\n<img class=\"aligncenter size-full wp-image-12390\" src=\"https:\/\/embajadadepanamaenfrancia.fr\/wp-content\/uploads\/2020\/12\/IMG-20201215-WA0265.jpg\" alt=\"\" width=\"1024\" height=\"628\" \/>\r\n\r\nDans le pass\u00e9, la ministre des affaires \u00e9trang\u00e8res Mouynes a particip\u00e9 \u00e0 divers forums internationaux, dans lesquels elle a rejet\u00e9 avec v\u00e9h\u00e9mence les remarques offensantes \u00e0 l'encontre de notre pays.\r\n\r\nPar exemple, en France, lors du Forum mondial de l'OCDE, elle a exig\u00e9 qu'\u00e0 cette importante r\u00e9union, ils cessent de se concentrer sur les messages et les listes n\u00e9gatives. \u00c0 cette occasion, il a indiqu\u00e9 tr\u00e8s clairement que le Panama a pris d'innombrables mesures concr\u00e8tes pour parvenir \u00e0 une plus grande transparence fiscale, et a demand\u00e9 que tous ces efforts soient reconnus.\r\n\r\n&nbsp;\r\n\r\nEn el pasado, la Canciller Mouynes ha participado en varios foros internacionales, en los que ha rechazado con vehemencia, se\u00f1alamientos ofensivos, contra nuestro pa\u00eds.\r\n\r\nPor ejemplo, en Francia, durante el Foro Global de la OCDE, demand\u00f3 que en ese importante encuentro, dejaran de enfocarse en mensajes negativos y en listados. En aquella oportunidad, dej\u00f3 muy claro que Panam\u00e1 ha dado innumerables pasos concretos, para lograr mayor transparencia fiscal, y exigi\u00f3 que se reconocieran todos esos esfuerzos.","_et_gb_content_width":"","footnotes":""},"categories":[114],"tags":[],"class_list":["post-12393","post","type-post","status-publish","format-standard","has-post-thumbnail","hentry","category-efficacite-et-transparence-fr","et-has-post-format-content","et_post_format-et-post-format-standard"],"yoast_head":"<!-- This site is optimized with the Yoast SEO plugin v23.6 - https:\/\/yoast.com\/wordpress\/plugins\/seo\/ -->\n<title>Le Panama ne peut pas continuer \u00e0 \u00eatre un bouc \u00e9missaire, d\u00e9clare la Ministre des affaires \u00e9trang\u00e8res Erika Mouynes. - Embajada de Panam\u00e1 en Francia - Ambassade du Panama en France<\/title>\n<meta name=\"robots\" content=\"index, follow, max-snippet:-1, max-image-preview:large, max-video-preview:-1\" \/>\n<link rel=\"canonical\" href=\"https:\/\/embajadadepanamaenfrancia.fr\/fr\/le-panama-ne-peut-pas-continuer-a-etre-un-bouc-emissaire-declare-la-ministre-des-affaires-etrangeres-erika-mouynes\/\" \/>\n<meta property=\"og:locale\" content=\"fr_FR\" \/>\n<meta property=\"og:type\" content=\"article\" \/>\n<meta property=\"og:title\" content=\"Le Panama ne peut pas continuer \u00e0 \u00eatre un bouc \u00e9missaire, d\u00e9clare la Ministre des affaires \u00e9trang\u00e8res Erika Mouynes. - Embajada de Panam\u00e1 en Francia - Ambassade du Panama en France\" \/>\n<meta property=\"og:description\" content=\"[et_pb_section][et_pb_row][et_pb_column type=\u00a0\u00bb4_4&Prime;][et_pb_text]Source: www.laverdadpanama Au cours d&rsquo;une conf\u00e9rence virtuelle organis\u00e9e dans le cadre de la r\u00e9union des ministres de l&rsquo;Union europ\u00e9enne, la ministre panam\u00e9enne des affaires \u00e9trang\u00e8res, Erika Mouynes, a d\u00e9clar\u00e9 aujourd&rsquo;hui qu&#039;\u00a0\u00bbil n&rsquo;existe aucune corr\u00e9lation justifiable entre la mani\u00e8re dont nous sommes trait\u00e9s et les pr\u00e9judices que nous subissons, et la r\u00e9alit\u00e9 de notre syst\u00e8me [&hellip;]\" \/>\n<meta property=\"og:url\" content=\"https:\/\/embajadadepanamaenfrancia.fr\/fr\/le-panama-ne-peut-pas-continuer-a-etre-un-bouc-emissaire-declare-la-ministre-des-affaires-etrangeres-erika-mouynes\/\" \/>\n<meta property=\"og:site_name\" content=\"Embajada de Panam\u00e1 en Francia - Ambassade du Panama en France\" \/>\n<meta property=\"article:published_time\" content=\"2020-12-16T11:45:59+00:00\" \/>\n<meta property=\"article:modified_time\" content=\"2021-02-02T12:51:59+00:00\" \/>\n<meta property=\"og:image\" content=\"https:\/\/embajadadepanamaenfrancia.fr\/wp-content\/uploads\/2020\/12\/IMG-20201215-WA0266-800x445-1.jpg\" \/>\n\t<meta property=\"og:image:width\" content=\"800\" \/>\n\t<meta property=\"og:image:height\" content=\"445\" \/>\n\t<meta property=\"og:image:type\" content=\"image\/jpeg\" \/>\n<meta name=\"author\" content=\"Embajada\" \/>\n<meta name=\"twitter:card\" content=\"summary_large_image\" \/>\n<meta name=\"twitter:label1\" content=\"\u00c9crit par\" \/>\n\t<meta name=\"twitter:data1\" content=\"Embajada\" \/>\n\t<meta name=\"twitter:label2\" content=\"Dur\u00e9e de lecture estim\u00e9e\" \/>\n\t<meta name=\"twitter:data2\" content=\"2 minutes\" \/>\n<script type=\"application\/ld+json\" class=\"yoast-schema-graph\">{\"@context\":\"https:\/\/schema.org\",\"@graph\":[{\"@type\":\"WebPage\",\"@id\":\"https:\/\/embajadadepanamaenfrancia.fr\/fr\/le-panama-ne-peut-pas-continuer-a-etre-un-bouc-emissaire-declare-la-ministre-des-affaires-etrangeres-erika-mouynes\/\",\"url\":\"https:\/\/embajadadepanamaenfrancia.fr\/fr\/le-panama-ne-peut-pas-continuer-a-etre-un-bouc-emissaire-declare-la-ministre-des-affaires-etrangeres-erika-mouynes\/\",\"name\":\"Le Panama ne peut pas continuer \u00e0 \u00eatre un bouc \u00e9missaire, d\u00e9clare la Ministre des affaires \u00e9trang\u00e8res Erika Mouynes. - Embajada de Panam\u00e1 en Francia - Ambassade du Panama en France\",\"isPartOf\":{\"@id\":\"https:\/\/embajadadepanamaenfrancia.fr\/fr\/#website\"},\"primaryImageOfPage\":{\"@id\":\"https:\/\/embajadadepanamaenfrancia.fr\/fr\/le-panama-ne-peut-pas-continuer-a-etre-un-bouc-emissaire-declare-la-ministre-des-affaires-etrangeres-erika-mouynes\/#primaryimage\"},\"image\":{\"@id\":\"https:\/\/embajadadepanamaenfrancia.fr\/fr\/le-panama-ne-peut-pas-continuer-a-etre-un-bouc-emissaire-declare-la-ministre-des-affaires-etrangeres-erika-mouynes\/#primaryimage\"},\"thumbnailUrl\":\"https:\/\/embajadadepanamaenfrancia.fr\/wp-content\/uploads\/2020\/12\/IMG-20201215-WA0266-800x445-1.jpg\",\"datePublished\":\"2020-12-16T11:45:59+00:00\",\"dateModified\":\"2021-02-02T12:51:59+00:00\",\"author\":{\"@id\":\"https:\/\/embajadadepanamaenfrancia.fr\/fr\/#\/schema\/person\/9c07295aa54fa6c2c6ab7c7f500d4f64\"},\"breadcrumb\":{\"@id\":\"https:\/\/embajadadepanamaenfrancia.fr\/fr\/le-panama-ne-peut-pas-continuer-a-etre-un-bouc-emissaire-declare-la-ministre-des-affaires-etrangeres-erika-mouynes\/#breadcrumb\"},\"inLanguage\":\"fr-FR\",\"potentialAction\":[{\"@type\":\"ReadAction\",\"target\":[\"https:\/\/embajadadepanamaenfrancia.fr\/fr\/le-panama-ne-peut-pas-continuer-a-etre-un-bouc-emissaire-declare-la-ministre-des-affaires-etrangeres-erika-mouynes\/\"]}]},{\"@type\":\"ImageObject\",\"inLanguage\":\"fr-FR\",\"@id\":\"https:\/\/embajadadepanamaenfrancia.fr\/fr\/le-panama-ne-peut-pas-continuer-a-etre-un-bouc-emissaire-declare-la-ministre-des-affaires-etrangeres-erika-mouynes\/#primaryimage\",\"url\":\"https:\/\/embajadadepanamaenfrancia.fr\/wp-content\/uploads\/2020\/12\/IMG-20201215-WA0266-800x445-1.jpg\",\"contentUrl\":\"https:\/\/embajadadepanamaenfrancia.fr\/wp-content\/uploads\/2020\/12\/IMG-20201215-WA0266-800x445-1.jpg\",\"width\":800,\"height\":445},{\"@type\":\"BreadcrumbList\",\"@id\":\"https:\/\/embajadadepanamaenfrancia.fr\/fr\/le-panama-ne-peut-pas-continuer-a-etre-un-bouc-emissaire-declare-la-ministre-des-affaires-etrangeres-erika-mouynes\/#breadcrumb\",\"itemListElement\":[{\"@type\":\"ListItem\",\"position\":1,\"name\":\"Portada\",\"item\":\"https:\/\/embajadadepanamaenfrancia.fr\/fr\/\"},{\"@type\":\"ListItem\",\"position\":2,\"name\":\"Le Panama ne peut pas continuer \u00e0 \u00eatre un bouc \u00e9missaire, d\u00e9clare la Ministre des affaires \u00e9trang\u00e8res Erika Mouynes.\"}]},{\"@type\":\"WebSite\",\"@id\":\"https:\/\/embajadadepanamaenfrancia.fr\/fr\/#website\",\"url\":\"https:\/\/embajadadepanamaenfrancia.fr\/fr\/\",\"name\":\"Embajada de Panam\u00e1 en Francia - Ambassade du Panama en France\",\"description\":\"Bienvenido al sitio de la Embajada de Panam\u00e1 en Francia - Bienvenu \u00e0 l&#039;Ambassade du Panama en France\",\"potentialAction\":[{\"@type\":\"SearchAction\",\"target\":{\"@type\":\"EntryPoint\",\"urlTemplate\":\"https:\/\/embajadadepanamaenfrancia.fr\/fr\/?s={search_term_string}\"},\"query-input\":{\"@type\":\"PropertyValueSpecification\",\"valueRequired\":true,\"valueName\":\"search_term_string\"}}],\"inLanguage\":\"fr-FR\"},{\"@type\":\"Person\",\"@id\":\"https:\/\/embajadadepanamaenfrancia.fr\/fr\/#\/schema\/person\/9c07295aa54fa6c2c6ab7c7f500d4f64\",\"name\":\"Embajada\",\"sameAs\":[\"http:\/\/0670114215\"],\"url\":\"https:\/\/embajadadepanamaenfrancia.fr\/fr\/author\/patagonia_torrijos\/\"}]}<\/script>\n<!-- \/ Yoast SEO plugin. -->","yoast_head_json":{"title":"Le Panama ne peut pas continuer \u00e0 \u00eatre un bouc \u00e9missaire, d\u00e9clare la Ministre des affaires \u00e9trang\u00e8res Erika Mouynes. - Embajada de Panam\u00e1 en Francia - Ambassade du Panama en France","robots":{"index":"index","follow":"follow","max-snippet":"max-snippet:-1","max-image-preview":"max-image-preview:large","max-video-preview":"max-video-preview:-1"},"canonical":"https:\/\/embajadadepanamaenfrancia.fr\/fr\/le-panama-ne-peut-pas-continuer-a-etre-un-bouc-emissaire-declare-la-ministre-des-affaires-etrangeres-erika-mouynes\/","og_locale":"fr_FR","og_type":"article","og_title":"Le Panama ne peut pas continuer \u00e0 \u00eatre un bouc \u00e9missaire, d\u00e9clare la Ministre des affaires \u00e9trang\u00e8res Erika Mouynes. - Embajada de Panam\u00e1 en Francia - Ambassade du Panama en France","og_description":"[et_pb_section][et_pb_row][et_pb_column type=\u00a0\u00bb4_4&Prime;][et_pb_text]Source: www.laverdadpanama Au cours d&rsquo;une conf\u00e9rence virtuelle organis\u00e9e dans le cadre de la r\u00e9union des ministres de l&rsquo;Union europ\u00e9enne, la ministre panam\u00e9enne des affaires \u00e9trang\u00e8res, Erika Mouynes, a d\u00e9clar\u00e9 aujourd&rsquo;hui qu'\u00a0\u00bbil n&rsquo;existe aucune corr\u00e9lation justifiable entre la mani\u00e8re dont nous sommes trait\u00e9s et les pr\u00e9judices que nous subissons, et la r\u00e9alit\u00e9 de notre syst\u00e8me [&hellip;]","og_url":"https:\/\/embajadadepanamaenfrancia.fr\/fr\/le-panama-ne-peut-pas-continuer-a-etre-un-bouc-emissaire-declare-la-ministre-des-affaires-etrangeres-erika-mouynes\/","og_site_name":"Embajada de Panam\u00e1 en Francia - Ambassade du Panama en France","article_published_time":"2020-12-16T11:45:59+00:00","article_modified_time":"2021-02-02T12:51:59+00:00","og_image":[{"width":800,"height":445,"url":"https:\/\/embajadadepanamaenfrancia.fr\/wp-content\/uploads\/2020\/12\/IMG-20201215-WA0266-800x445-1.jpg","type":"image\/jpeg"}],"author":"Embajada","twitter_card":"summary_large_image","twitter_misc":{"\u00c9crit par":"Embajada","Dur\u00e9e de lecture estim\u00e9e":"2 minutes"},"schema":{"@context":"https:\/\/schema.org","@graph":[{"@type":"WebPage","@id":"https:\/\/embajadadepanamaenfrancia.fr\/fr\/le-panama-ne-peut-pas-continuer-a-etre-un-bouc-emissaire-declare-la-ministre-des-affaires-etrangeres-erika-mouynes\/","url":"https:\/\/embajadadepanamaenfrancia.fr\/fr\/le-panama-ne-peut-pas-continuer-a-etre-un-bouc-emissaire-declare-la-ministre-des-affaires-etrangeres-erika-mouynes\/","name":"Le Panama ne peut pas continuer \u00e0 \u00eatre un bouc \u00e9missaire, d\u00e9clare la Ministre des affaires \u00e9trang\u00e8res Erika Mouynes. - Embajada de Panam\u00e1 en Francia - Ambassade du Panama en France","isPartOf":{"@id":"https:\/\/embajadadepanamaenfrancia.fr\/fr\/#website"},"primaryImageOfPage":{"@id":"https:\/\/embajadadepanamaenfrancia.fr\/fr\/le-panama-ne-peut-pas-continuer-a-etre-un-bouc-emissaire-declare-la-ministre-des-affaires-etrangeres-erika-mouynes\/#primaryimage"},"image":{"@id":"https:\/\/embajadadepanamaenfrancia.fr\/fr\/le-panama-ne-peut-pas-continuer-a-etre-un-bouc-emissaire-declare-la-ministre-des-affaires-etrangeres-erika-mouynes\/#primaryimage"},"thumbnailUrl":"https:\/\/embajadadepanamaenfrancia.fr\/wp-content\/uploads\/2020\/12\/IMG-20201215-WA0266-800x445-1.jpg","datePublished":"2020-12-16T11:45:59+00:00","dateModified":"2021-02-02T12:51:59+00:00","author":{"@id":"https:\/\/embajadadepanamaenfrancia.fr\/fr\/#\/schema\/person\/9c07295aa54fa6c2c6ab7c7f500d4f64"},"breadcrumb":{"@id":"https:\/\/embajadadepanamaenfrancia.fr\/fr\/le-panama-ne-peut-pas-continuer-a-etre-un-bouc-emissaire-declare-la-ministre-des-affaires-etrangeres-erika-mouynes\/#breadcrumb"},"inLanguage":"fr-FR","potentialAction":[{"@type":"ReadAction","target":["https:\/\/embajadadepanamaenfrancia.fr\/fr\/le-panama-ne-peut-pas-continuer-a-etre-un-bouc-emissaire-declare-la-ministre-des-affaires-etrangeres-erika-mouynes\/"]}]},{"@type":"ImageObject","inLanguage":"fr-FR","@id":"https:\/\/embajadadepanamaenfrancia.fr\/fr\/le-panama-ne-peut-pas-continuer-a-etre-un-bouc-emissaire-declare-la-ministre-des-affaires-etrangeres-erika-mouynes\/#primaryimage","url":"https:\/\/embajadadepanamaenfrancia.fr\/wp-content\/uploads\/2020\/12\/IMG-20201215-WA0266-800x445-1.jpg","contentUrl":"https:\/\/embajadadepanamaenfrancia.fr\/wp-content\/uploads\/2020\/12\/IMG-20201215-WA0266-800x445-1.jpg","width":800,"height":445},{"@type":"BreadcrumbList","@id":"https:\/\/embajadadepanamaenfrancia.fr\/fr\/le-panama-ne-peut-pas-continuer-a-etre-un-bouc-emissaire-declare-la-ministre-des-affaires-etrangeres-erika-mouynes\/#breadcrumb","itemListElement":[{"@type":"ListItem","position":1,"name":"Portada","item":"https:\/\/embajadadepanamaenfrancia.fr\/fr\/"},{"@type":"ListItem","position":2,"name":"Le Panama ne peut pas continuer \u00e0 \u00eatre un bouc \u00e9missaire, d\u00e9clare la Ministre des affaires \u00e9trang\u00e8res Erika Mouynes."}]},{"@type":"WebSite","@id":"https:\/\/embajadadepanamaenfrancia.fr\/fr\/#website","url":"https:\/\/embajadadepanamaenfrancia.fr\/fr\/","name":"Embajada de Panam\u00e1 en Francia - Ambassade du Panama en France","description":"Bienvenido al sitio de la Embajada de Panam\u00e1 en Francia - Bienvenu \u00e0 l&#039;Ambassade du Panama en France","potentialAction":[{"@type":"SearchAction","target":{"@type":"EntryPoint","urlTemplate":"https:\/\/embajadadepanamaenfrancia.fr\/fr\/?s={search_term_string}"},"query-input":{"@type":"PropertyValueSpecification","valueRequired":true,"valueName":"search_term_string"}}],"inLanguage":"fr-FR"},{"@type":"Person","@id":"https:\/\/embajadadepanamaenfrancia.fr\/fr\/#\/schema\/person\/9c07295aa54fa6c2c6ab7c7f500d4f64","name":"Embajada","sameAs":["http:\/\/0670114215"],"url":"https:\/\/embajadadepanamaenfrancia.fr\/fr\/author\/patagonia_torrijos\/"}]}},"_links":{"self":[{"href":"https:\/\/embajadadepanamaenfrancia.fr\/fr\/wp-json\/wp\/v2\/posts\/12393"}],"collection":[{"href":"https:\/\/embajadadepanamaenfrancia.fr\/fr\/wp-json\/wp\/v2\/posts"}],"about":[{"href":"https:\/\/embajadadepanamaenfrancia.fr\/fr\/wp-json\/wp\/v2\/types\/post"}],"author":[{"embeddable":true,"href":"https:\/\/embajadadepanamaenfrancia.fr\/fr\/wp-json\/wp\/v2\/users\/4"}],"replies":[{"embeddable":true,"href":"https:\/\/embajadadepanamaenfrancia.fr\/fr\/wp-json\/wp\/v2\/comments?post=12393"}],"version-history":[{"count":5,"href":"https:\/\/embajadadepanamaenfrancia.fr\/fr\/wp-json\/wp\/v2\/posts\/12393\/revisions"}],"predecessor-version":[{"id":12865,"href":"https:\/\/embajadadepanamaenfrancia.fr\/fr\/wp-json\/wp\/v2\/posts\/12393\/revisions\/12865"}],"wp:featuredmedia":[{"embeddable":true,"href":"https:\/\/embajadadepanamaenfrancia.fr\/fr\/wp-json\/wp\/v2\/media\/12387"}],"wp:attachment":[{"href":"https:\/\/embajadadepanamaenfrancia.fr\/fr\/wp-json\/wp\/v2\/media?parent=12393"}],"wp:term":[{"taxonomy":"category","embeddable":true,"href":"https:\/\/embajadadepanamaenfrancia.fr\/fr\/wp-json\/wp\/v2\/categories?post=12393"},{"taxonomy":"post_tag","embeddable":true,"href":"https:\/\/embajadadepanamaenfrancia.fr\/fr\/wp-json\/wp\/v2\/tags?post=12393"}],"curies":[{"name":"wp","href":"https:\/\/api.w.org\/{rel}","templated":true}]}}