{"id":12978,"date":"2021-02-10T14:34:43","date_gmt":"2021-02-10T13:34:43","guid":{"rendered":"https:\/\/embajadadepanamaenfrancia.fr\/?p=12978"},"modified":"2021-02-10T14:41:11","modified_gmt":"2021-02-10T13:41:11","slug":"promotion-des-investissements-francais-au-panama-seminaire-virtuel-des-autorites-panameennes-et-des-entrepreneurs-du-medef-date-15-fevrier-2021-langue-anglais","status":"publish","type":"post","link":"https:\/\/embajadadepanamaenfrancia.fr\/fr\/promotion-des-investissements-francais-au-panama-seminaire-virtuel-des-autorites-panameennes-et-des-entrepreneurs-du-medef-date-15-fevrier-2021-langue-anglais\/","title":{"rendered":"Promotion des investissements fran\u00e7ais au Panama. S\u00e9minaire virtuel des autorit\u00e9s panam\u00e9ennes et des entrepreneurs du MEDEF. Date: 15 f\u00e9vrier 2021. Langue: anglais."},"content":{"rendered":"<p>Pour les inscriptions:<\/p>\n<p><a href=\"https:\/\/www.medefinternational.fr\/actions\/ministre-des-travaux-publics-du-panama-et-des-membres-du-gouvernement-panameen\/\">Ministre des Travaux publics du Panama et des membres du Gouvernement panam\u00e9en &#8211; MEDEF International<\/a><\/p>\n<p><img loading=\"lazy\" decoding=\"async\" class=\"alignnone size-full wp-image-12981\" src=\"https:\/\/embajadadepanamaenfrancia.fr\/wp-content\/uploads\/2021\/02\/medef2-2.jpg\" alt=\"\" width=\"1080\" height=\"1937\" srcset=\"https:\/\/embajadadepanamaenfrancia.fr\/wp-content\/uploads\/2021\/02\/medef2-2.jpg 1080w, https:\/\/embajadadepanamaenfrancia.fr\/wp-content\/uploads\/2021\/02\/medef2-2-167x300.jpg 167w, https:\/\/embajadadepanamaenfrancia.fr\/wp-content\/uploads\/2021\/02\/medef2-2-571x1024.jpg 571w, https:\/\/embajadadepanamaenfrancia.fr\/wp-content\/uploads\/2021\/02\/medef2-2-768x1377.jpg 768w, https:\/\/embajadadepanamaenfrancia.fr\/wp-content\/uploads\/2021\/02\/medef2-2-856x1536.jpg 856w\" sizes=\"(max-width: 1080px) 100vw, 1080px\" \/><\/p>\n","protected":false},"excerpt":{"rendered":"<p>Pour les inscriptions: Ministre des Travaux publics du Panama et des membres du Gouvernement panam\u00e9en &#8211; MEDEF International<\/p>\n","protected":false},"author":6,"featured_media":12986,"comment_status":"open","ping_status":"open","sticky":false,"template":"","format":"standard","meta":{"_et_pb_use_builder":"","_et_pb_old_content":"","_et_gb_content_width":"","footnotes":""},"categories":[13,98],"tags":[],"class_list":["post-12978","post","type-post","status-publish","format-standard","has-post-thumbnail","hentry","category-actualites","category-negocios-fr","et_post_format-et-post-format-gallery","et-doesnt-have-format-content"],"yoast_head":"<!-- This site is optimized with the Yoast SEO plugin v23.6 - https:\/\/yoast.com\/wordpress\/plugins\/seo\/ -->\n<title>Promotion des investissements fran\u00e7ais au Panama. S\u00e9minaire virtuel des autorit\u00e9s panam\u00e9ennes et des entrepreneurs du MEDEF. Date: 15 f\u00e9vrier 2021. Langue: anglais. - Embajada de Panam\u00e1 en Francia - Ambassade du Panama en France<\/title>\n<meta name=\"robots\" content=\"index, follow, max-snippet:-1, max-image-preview:large, max-video-preview:-1\" \/>\n<link rel=\"canonical\" href=\"https:\/\/embajadadepanamaenfrancia.fr\/fr\/promotion-des-investissements-francais-au-panama-seminaire-virtuel-des-autorites-panameennes-et-des-entrepreneurs-du-medef-date-15-fevrier-2021-langue-anglais\/\" \/>\n<meta property=\"og:locale\" content=\"fr_FR\" \/>\n<meta property=\"og:type\" content=\"article\" \/>\n<meta property=\"og:title\" content=\"Promotion des investissements fran\u00e7ais au Panama. S\u00e9minaire virtuel des autorit\u00e9s panam\u00e9ennes et des entrepreneurs du MEDEF. Date: 15 f\u00e9vrier 2021. Langue: anglais. - Embajada de Panam\u00e1 en Francia - Ambassade du Panama en France\" \/>\n<meta property=\"og:description\" content=\"Pour les inscriptions: Ministre des Travaux publics du Panama et des membres du Gouvernement panam\u00e9en &#8211; MEDEF International\" \/>\n<meta property=\"og:url\" content=\"https:\/\/embajadadepanamaenfrancia.fr\/fr\/promotion-des-investissements-francais-au-panama-seminaire-virtuel-des-autorites-panameennes-et-des-entrepreneurs-du-medef-date-15-fevrier-2021-langue-anglais\/\" \/>\n<meta property=\"og:site_name\" content=\"Embajada de Panam\u00e1 en Francia - Ambassade du Panama en France\" \/>\n<meta property=\"article:author\" content=\"https:\/\/www.facebook.com\/EmbajadadePanamaenFrancia\" \/>\n<meta property=\"article:published_time\" content=\"2021-02-10T13:34:43+00:00\" \/>\n<meta property=\"article:modified_time\" content=\"2021-02-10T13:41:11+00:00\" \/>\n<meta property=\"og:image\" content=\"https:\/\/embajadadepanamaenfrancia.fr\/wp-content\/uploads\/2021\/02\/medef111-1.jpg\" \/>\n\t<meta property=\"og:image:width\" content=\"994\" \/>\n\t<meta property=\"og:image:height\" content=\"666\" \/>\n\t<meta property=\"og:image:type\" content=\"image\/jpeg\" \/>\n<meta name=\"author\" content=\"Edgardo Pitti\" \/>\n<meta name=\"twitter:card\" content=\"summary_large_image\" \/>\n<meta name=\"twitter:creator\" content=\"@embpanamafra\" \/>\n<meta name=\"twitter:label1\" content=\"\u00c9crit par\" \/>\n\t<meta name=\"twitter:data1\" content=\"Edgardo Pitti\" \/>\n\t<meta name=\"twitter:label2\" content=\"Dur\u00e9e de lecture estim\u00e9e\" \/>\n\t<meta name=\"twitter:data2\" content=\"1 minute\" \/>\n<script type=\"application\/ld+json\" class=\"yoast-schema-graph\">{\"@context\":\"https:\/\/schema.org\",\"@graph\":[{\"@type\":\"WebPage\",\"@id\":\"https:\/\/embajadadepanamaenfrancia.fr\/fr\/promotion-des-investissements-francais-au-panama-seminaire-virtuel-des-autorites-panameennes-et-des-entrepreneurs-du-medef-date-15-fevrier-2021-langue-anglais\/\",\"url\":\"https:\/\/embajadadepanamaenfrancia.fr\/fr\/promotion-des-investissements-francais-au-panama-seminaire-virtuel-des-autorites-panameennes-et-des-entrepreneurs-du-medef-date-15-fevrier-2021-langue-anglais\/\",\"name\":\"Promotion des investissements fran\u00e7ais au Panama. S\u00e9minaire virtuel des autorit\u00e9s panam\u00e9ennes et des entrepreneurs du MEDEF. Date: 15 f\u00e9vrier 2021. Langue: anglais. - Embajada de Panam\u00e1 en Francia - Ambassade du Panama en France\",\"isPartOf\":{\"@id\":\"https:\/\/embajadadepanamaenfrancia.fr\/fr\/#website\"},\"primaryImageOfPage\":{\"@id\":\"https:\/\/embajadadepanamaenfrancia.fr\/fr\/promotion-des-investissements-francais-au-panama-seminaire-virtuel-des-autorites-panameennes-et-des-entrepreneurs-du-medef-date-15-fevrier-2021-langue-anglais\/#primaryimage\"},\"image\":{\"@id\":\"https:\/\/embajadadepanamaenfrancia.fr\/fr\/promotion-des-investissements-francais-au-panama-seminaire-virtuel-des-autorites-panameennes-et-des-entrepreneurs-du-medef-date-15-fevrier-2021-langue-anglais\/#primaryimage\"},\"thumbnailUrl\":\"https:\/\/embajadadepanamaenfrancia.fr\/wp-content\/uploads\/2021\/02\/medef111-1.jpg\",\"datePublished\":\"2021-02-10T13:34:43+00:00\",\"dateModified\":\"2021-02-10T13:41:11+00:00\",\"author\":{\"@id\":\"https:\/\/embajadadepanamaenfrancia.fr\/fr\/#\/schema\/person\/c9c6e25fbace3e960b96a3f809ba7d3c\"},\"breadcrumb\":{\"@id\":\"https:\/\/embajadadepanamaenfrancia.fr\/fr\/promotion-des-investissements-francais-au-panama-seminaire-virtuel-des-autorites-panameennes-et-des-entrepreneurs-du-medef-date-15-fevrier-2021-langue-anglais\/#breadcrumb\"},\"inLanguage\":\"fr-FR\",\"potentialAction\":[{\"@type\":\"ReadAction\",\"target\":[\"https:\/\/embajadadepanamaenfrancia.fr\/fr\/promotion-des-investissements-francais-au-panama-seminaire-virtuel-des-autorites-panameennes-et-des-entrepreneurs-du-medef-date-15-fevrier-2021-langue-anglais\/\"]}]},{\"@type\":\"ImageObject\",\"inLanguage\":\"fr-FR\",\"@id\":\"https:\/\/embajadadepanamaenfrancia.fr\/fr\/promotion-des-investissements-francais-au-panama-seminaire-virtuel-des-autorites-panameennes-et-des-entrepreneurs-du-medef-date-15-fevrier-2021-langue-anglais\/#primaryimage\",\"url\":\"https:\/\/embajadadepanamaenfrancia.fr\/wp-content\/uploads\/2021\/02\/medef111-1.jpg\",\"contentUrl\":\"https:\/\/embajadadepanamaenfrancia.fr\/wp-content\/uploads\/2021\/02\/medef111-1.jpg\",\"width\":994,\"height\":666},{\"@type\":\"BreadcrumbList\",\"@id\":\"https:\/\/embajadadepanamaenfrancia.fr\/fr\/promotion-des-investissements-francais-au-panama-seminaire-virtuel-des-autorites-panameennes-et-des-entrepreneurs-du-medef-date-15-fevrier-2021-langue-anglais\/#breadcrumb\",\"itemListElement\":[{\"@type\":\"ListItem\",\"position\":1,\"name\":\"Portada\",\"item\":\"https:\/\/embajadadepanamaenfrancia.fr\/fr\/\"},{\"@type\":\"ListItem\",\"position\":2,\"name\":\"Promotion des investissements fran\u00e7ais au Panama. S\u00e9minaire virtuel des autorit\u00e9s panam\u00e9ennes et des entrepreneurs du MEDEF. Date: 15 f\u00e9vrier 2021. Langue: anglais.\"}]},{\"@type\":\"WebSite\",\"@id\":\"https:\/\/embajadadepanamaenfrancia.fr\/fr\/#website\",\"url\":\"https:\/\/embajadadepanamaenfrancia.fr\/fr\/\",\"name\":\"Embajada de Panam\u00e1 en Francia - Ambassade du Panama en France\",\"description\":\"Bienvenido al sitio de la Embajada de Panam\u00e1 en Francia - Bienvenu \u00e0 l&#039;Ambassade du Panama en France\",\"potentialAction\":[{\"@type\":\"SearchAction\",\"target\":{\"@type\":\"EntryPoint\",\"urlTemplate\":\"https:\/\/embajadadepanamaenfrancia.fr\/fr\/?s={search_term_string}\"},\"query-input\":{\"@type\":\"PropertyValueSpecification\",\"valueRequired\":true,\"valueName\":\"search_term_string\"}}],\"inLanguage\":\"fr-FR\"},{\"@type\":\"Person\",\"@id\":\"https:\/\/embajadadepanamaenfrancia.fr\/fr\/#\/schema\/person\/c9c6e25fbace3e960b96a3f809ba7d3c\",\"name\":\"Edgardo Pitti\",\"sameAs\":[\"https:\/\/www.facebook.com\/EmbajadadePanamaenFrancia\",\"https:\/\/www.instagram.com\/embpanamafra\/\",\"https:\/\/x.com\/embpanamafra\"],\"url\":\"https:\/\/embajadadepanamaenfrancia.fr\/fr\/author\/edgardo-pitti\/\"}]}<\/script>\n<!-- \/ Yoast SEO plugin. -->","yoast_head_json":{"title":"Promotion des investissements fran\u00e7ais au Panama. S\u00e9minaire virtuel des autorit\u00e9s panam\u00e9ennes et des entrepreneurs du MEDEF. Date: 15 f\u00e9vrier 2021. Langue: anglais. - Embajada de Panam\u00e1 en Francia - Ambassade du Panama en France","robots":{"index":"index","follow":"follow","max-snippet":"max-snippet:-1","max-image-preview":"max-image-preview:large","max-video-preview":"max-video-preview:-1"},"canonical":"https:\/\/embajadadepanamaenfrancia.fr\/fr\/promotion-des-investissements-francais-au-panama-seminaire-virtuel-des-autorites-panameennes-et-des-entrepreneurs-du-medef-date-15-fevrier-2021-langue-anglais\/","og_locale":"fr_FR","og_type":"article","og_title":"Promotion des investissements fran\u00e7ais au Panama. S\u00e9minaire virtuel des autorit\u00e9s panam\u00e9ennes et des entrepreneurs du MEDEF. Date: 15 f\u00e9vrier 2021. Langue: anglais. - Embajada de Panam\u00e1 en Francia - Ambassade du Panama en France","og_description":"Pour les inscriptions: Ministre des Travaux publics du Panama et des membres du Gouvernement panam\u00e9en &#8211; MEDEF International","og_url":"https:\/\/embajadadepanamaenfrancia.fr\/fr\/promotion-des-investissements-francais-au-panama-seminaire-virtuel-des-autorites-panameennes-et-des-entrepreneurs-du-medef-date-15-fevrier-2021-langue-anglais\/","og_site_name":"Embajada de Panam\u00e1 en Francia - Ambassade du Panama en France","article_author":"https:\/\/www.facebook.com\/EmbajadadePanamaenFrancia","article_published_time":"2021-02-10T13:34:43+00:00","article_modified_time":"2021-02-10T13:41:11+00:00","og_image":[{"width":994,"height":666,"url":"https:\/\/embajadadepanamaenfrancia.fr\/wp-content\/uploads\/2021\/02\/medef111-1.jpg","type":"image\/jpeg"}],"author":"Edgardo Pitti","twitter_card":"summary_large_image","twitter_creator":"@embpanamafra","twitter_misc":{"\u00c9crit par":"Edgardo Pitti","Dur\u00e9e de lecture estim\u00e9e":"1 minute"},"schema":{"@context":"https:\/\/schema.org","@graph":[{"@type":"WebPage","@id":"https:\/\/embajadadepanamaenfrancia.fr\/fr\/promotion-des-investissements-francais-au-panama-seminaire-virtuel-des-autorites-panameennes-et-des-entrepreneurs-du-medef-date-15-fevrier-2021-langue-anglais\/","url":"https:\/\/embajadadepanamaenfrancia.fr\/fr\/promotion-des-investissements-francais-au-panama-seminaire-virtuel-des-autorites-panameennes-et-des-entrepreneurs-du-medef-date-15-fevrier-2021-langue-anglais\/","name":"Promotion des investissements fran\u00e7ais au Panama. S\u00e9minaire virtuel des autorit\u00e9s panam\u00e9ennes et des entrepreneurs du MEDEF. Date: 15 f\u00e9vrier 2021. Langue: anglais. - Embajada de Panam\u00e1 en Francia - Ambassade du Panama en France","isPartOf":{"@id":"https:\/\/embajadadepanamaenfrancia.fr\/fr\/#website"},"primaryImageOfPage":{"@id":"https:\/\/embajadadepanamaenfrancia.fr\/fr\/promotion-des-investissements-francais-au-panama-seminaire-virtuel-des-autorites-panameennes-et-des-entrepreneurs-du-medef-date-15-fevrier-2021-langue-anglais\/#primaryimage"},"image":{"@id":"https:\/\/embajadadepanamaenfrancia.fr\/fr\/promotion-des-investissements-francais-au-panama-seminaire-virtuel-des-autorites-panameennes-et-des-entrepreneurs-du-medef-date-15-fevrier-2021-langue-anglais\/#primaryimage"},"thumbnailUrl":"https:\/\/embajadadepanamaenfrancia.fr\/wp-content\/uploads\/2021\/02\/medef111-1.jpg","datePublished":"2021-02-10T13:34:43+00:00","dateModified":"2021-02-10T13:41:11+00:00","author":{"@id":"https:\/\/embajadadepanamaenfrancia.fr\/fr\/#\/schema\/person\/c9c6e25fbace3e960b96a3f809ba7d3c"},"breadcrumb":{"@id":"https:\/\/embajadadepanamaenfrancia.fr\/fr\/promotion-des-investissements-francais-au-panama-seminaire-virtuel-des-autorites-panameennes-et-des-entrepreneurs-du-medef-date-15-fevrier-2021-langue-anglais\/#breadcrumb"},"inLanguage":"fr-FR","potentialAction":[{"@type":"ReadAction","target":["https:\/\/embajadadepanamaenfrancia.fr\/fr\/promotion-des-investissements-francais-au-panama-seminaire-virtuel-des-autorites-panameennes-et-des-entrepreneurs-du-medef-date-15-fevrier-2021-langue-anglais\/"]}]},{"@type":"ImageObject","inLanguage":"fr-FR","@id":"https:\/\/embajadadepanamaenfrancia.fr\/fr\/promotion-des-investissements-francais-au-panama-seminaire-virtuel-des-autorites-panameennes-et-des-entrepreneurs-du-medef-date-15-fevrier-2021-langue-anglais\/#primaryimage","url":"https:\/\/embajadadepanamaenfrancia.fr\/wp-content\/uploads\/2021\/02\/medef111-1.jpg","contentUrl":"https:\/\/embajadadepanamaenfrancia.fr\/wp-content\/uploads\/2021\/02\/medef111-1.jpg","width":994,"height":666},{"@type":"BreadcrumbList","@id":"https:\/\/embajadadepanamaenfrancia.fr\/fr\/promotion-des-investissements-francais-au-panama-seminaire-virtuel-des-autorites-panameennes-et-des-entrepreneurs-du-medef-date-15-fevrier-2021-langue-anglais\/#breadcrumb","itemListElement":[{"@type":"ListItem","position":1,"name":"Portada","item":"https:\/\/embajadadepanamaenfrancia.fr\/fr\/"},{"@type":"ListItem","position":2,"name":"Promotion des investissements fran\u00e7ais au Panama. S\u00e9minaire virtuel des autorit\u00e9s panam\u00e9ennes et des entrepreneurs du MEDEF. Date: 15 f\u00e9vrier 2021. Langue: anglais."}]},{"@type":"WebSite","@id":"https:\/\/embajadadepanamaenfrancia.fr\/fr\/#website","url":"https:\/\/embajadadepanamaenfrancia.fr\/fr\/","name":"Embajada de Panam\u00e1 en Francia - Ambassade du Panama en France","description":"Bienvenido al sitio de la Embajada de Panam\u00e1 en Francia - Bienvenu \u00e0 l&#039;Ambassade du Panama en France","potentialAction":[{"@type":"SearchAction","target":{"@type":"EntryPoint","urlTemplate":"https:\/\/embajadadepanamaenfrancia.fr\/fr\/?s={search_term_string}"},"query-input":{"@type":"PropertyValueSpecification","valueRequired":true,"valueName":"search_term_string"}}],"inLanguage":"fr-FR"},{"@type":"Person","@id":"https:\/\/embajadadepanamaenfrancia.fr\/fr\/#\/schema\/person\/c9c6e25fbace3e960b96a3f809ba7d3c","name":"Edgardo Pitti","sameAs":["https:\/\/www.facebook.com\/EmbajadadePanamaenFrancia","https:\/\/www.instagram.com\/embpanamafra\/","https:\/\/x.com\/embpanamafra"],"url":"https:\/\/embajadadepanamaenfrancia.fr\/fr\/author\/edgardo-pitti\/"}]}},"_links":{"self":[{"href":"https:\/\/embajadadepanamaenfrancia.fr\/fr\/wp-json\/wp\/v2\/posts\/12978"}],"collection":[{"href":"https:\/\/embajadadepanamaenfrancia.fr\/fr\/wp-json\/wp\/v2\/posts"}],"about":[{"href":"https:\/\/embajadadepanamaenfrancia.fr\/fr\/wp-json\/wp\/v2\/types\/post"}],"author":[{"embeddable":true,"href":"https:\/\/embajadadepanamaenfrancia.fr\/fr\/wp-json\/wp\/v2\/users\/6"}],"replies":[{"embeddable":true,"href":"https:\/\/embajadadepanamaenfrancia.fr\/fr\/wp-json\/wp\/v2\/comments?post=12978"}],"version-history":[{"count":1,"href":"https:\/\/embajadadepanamaenfrancia.fr\/fr\/wp-json\/wp\/v2\/posts\/12978\/revisions"}],"predecessor-version":[{"id":12983,"href":"https:\/\/embajadadepanamaenfrancia.fr\/fr\/wp-json\/wp\/v2\/posts\/12978\/revisions\/12983"}],"wp:featuredmedia":[{"embeddable":true,"href":"https:\/\/embajadadepanamaenfrancia.fr\/fr\/wp-json\/wp\/v2\/media\/12986"}],"wp:attachment":[{"href":"https:\/\/embajadadepanamaenfrancia.fr\/fr\/wp-json\/wp\/v2\/media?parent=12978"}],"wp:term":[{"taxonomy":"category","embeddable":true,"href":"https:\/\/embajadadepanamaenfrancia.fr\/fr\/wp-json\/wp\/v2\/categories?post=12978"},{"taxonomy":"post_tag","embeddable":true,"href":"https:\/\/embajadadepanamaenfrancia.fr\/fr\/wp-json\/wp\/v2\/tags?post=12978"}],"curies":[{"name":"wp","href":"https:\/\/api.w.org\/{rel}","templated":true}]}}