{"id":13230,"date":"2021-03-19T15:34:40","date_gmt":"2021-03-19T14:34:40","guid":{"rendered":"https:\/\/embajadadepanamaenfrancia.fr\/?p=13230"},"modified":"2021-03-19T15:52:21","modified_gmt":"2021-03-19T14:52:21","slug":"notre-ambassadrice-a-participe-de-locde-dev-talk-sur-la-facon-de-concevoir-un-nouveau-contrat-social-en-lamerique-latine-de-la-theorie-a-laction-soulignant-que-le-panama-met-en-oeuvre-le-p","status":"publish","type":"post","link":"https:\/\/embajadadepanamaenfrancia.fr\/fr\/notre-ambassadrice-a-participe-de-locde-dev-talk-sur-la-facon-de-concevoir-un-nouveau-contrat-social-en-lamerique-latine-de-la-theorie-a-laction-soulignant-que-le-panama-met-en-oeuvre-le-p\/","title":{"rendered":"Notre Ambassadrice a particip\u00e9 de l&rsquo;OECD DEV TALKS sur la fa\u00e7on de concevoir un nouveau contrat social en l\u00b4Am\u00e9rique latine, soulignant que le Panama met en \u0153uvre le pacte du bicentenaire."},"content":{"rendered":"","protected":false},"excerpt":{"rendered":"","protected":false},"author":6,"featured_media":13227,"comment_status":"open","ping_status":"open","sticky":false,"template":"","format":"standard","meta":{"_et_pb_use_builder":"","_et_pb_old_content":"","_et_gb_content_width":"","footnotes":""},"categories":[13,36],"tags":[],"class_list":["post-13230","post","type-post","status-publish","format-standard","has-post-thumbnail","hentry","category-actualites","category-couverture","et-has-post-format-content","et_post_format-et-post-format-standard"],"yoast_head":"<!-- This site is optimized with the Yoast SEO plugin v23.6 - https:\/\/yoast.com\/wordpress\/plugins\/seo\/ -->\n<title>Notre Ambassadrice a particip\u00e9 de l&#039;OECD DEV TALKS sur la fa\u00e7on de concevoir un nouveau contrat social en l\u00b4Am\u00e9rique latine, soulignant que le Panama met en \u0153uvre le pacte du bicentenaire. - Embajada de Panam\u00e1 en Francia - Ambassade du Panama en France<\/title>\n<meta name=\"robots\" content=\"index, follow, max-snippet:-1, max-image-preview:large, max-video-preview:-1\" \/>\n<link rel=\"canonical\" href=\"https:\/\/embajadadepanamaenfrancia.fr\/fr\/notre-ambassadrice-a-participe-de-locde-dev-talk-sur-la-facon-de-concevoir-un-nouveau-contrat-social-en-lamerique-latine-de-la-theorie-a-laction-soulignant-que-le-panama-met-en-oeuvre-le-p\/\" \/>\n<meta property=\"og:locale\" content=\"fr_FR\" \/>\n<meta property=\"og:type\" content=\"article\" \/>\n<meta property=\"og:title\" content=\"Notre Ambassadrice a particip\u00e9 de l&#039;OECD DEV TALKS sur la fa\u00e7on de concevoir un nouveau contrat social en l\u00b4Am\u00e9rique latine, soulignant que le Panama met en \u0153uvre le pacte du bicentenaire. - Embajada de Panam\u00e1 en Francia - Ambassade du Panama en France\" \/>\n<meta property=\"og:url\" content=\"https:\/\/embajadadepanamaenfrancia.fr\/fr\/notre-ambassadrice-a-participe-de-locde-dev-talk-sur-la-facon-de-concevoir-un-nouveau-contrat-social-en-lamerique-latine-de-la-theorie-a-laction-soulignant-que-le-panama-met-en-oeuvre-le-p\/\" \/>\n<meta property=\"og:site_name\" content=\"Embajada de Panam\u00e1 en Francia - Ambassade du Panama en France\" \/>\n<meta property=\"article:author\" content=\"https:\/\/www.facebook.com\/EmbajadadePanamaenFrancia\" \/>\n<meta property=\"article:published_time\" content=\"2021-03-19T14:34:40+00:00\" \/>\n<meta property=\"article:modified_time\" content=\"2021-03-19T14:52:21+00:00\" \/>\n<meta property=\"og:image\" content=\"https:\/\/embajadadepanamaenfrancia.fr\/wp-content\/uploads\/2021\/03\/oec.jpg\" \/>\n\t<meta property=\"og:image:width\" content=\"1695\" \/>\n\t<meta property=\"og:image:height\" content=\"998\" \/>\n\t<meta property=\"og:image:type\" content=\"image\/jpeg\" \/>\n<meta name=\"author\" content=\"Edgardo Pitti\" \/>\n<meta name=\"twitter:card\" content=\"summary_large_image\" \/>\n<meta name=\"twitter:creator\" content=\"@embpanamafra\" \/>\n<meta name=\"twitter:label1\" content=\"\u00c9crit par\" \/>\n\t<meta name=\"twitter:data1\" content=\"Edgardo Pitti\" \/>\n<script type=\"application\/ld+json\" class=\"yoast-schema-graph\">{\"@context\":\"https:\/\/schema.org\",\"@graph\":[{\"@type\":\"WebPage\",\"@id\":\"https:\/\/embajadadepanamaenfrancia.fr\/fr\/notre-ambassadrice-a-participe-de-locde-dev-talk-sur-la-facon-de-concevoir-un-nouveau-contrat-social-en-lamerique-latine-de-la-theorie-a-laction-soulignant-que-le-panama-met-en-oeuvre-le-p\/\",\"url\":\"https:\/\/embajadadepanamaenfrancia.fr\/fr\/notre-ambassadrice-a-participe-de-locde-dev-talk-sur-la-facon-de-concevoir-un-nouveau-contrat-social-en-lamerique-latine-de-la-theorie-a-laction-soulignant-que-le-panama-met-en-oeuvre-le-p\/\",\"name\":\"Notre Ambassadrice a particip\u00e9 de l'OECD DEV TALKS sur la fa\u00e7on de concevoir un nouveau contrat social en l\u00b4Am\u00e9rique latine, soulignant que le Panama met en \u0153uvre le pacte du bicentenaire. - Embajada de Panam\u00e1 en Francia - Ambassade du Panama en France\",\"isPartOf\":{\"@id\":\"https:\/\/embajadadepanamaenfrancia.fr\/fr\/#website\"},\"primaryImageOfPage\":{\"@id\":\"https:\/\/embajadadepanamaenfrancia.fr\/fr\/notre-ambassadrice-a-participe-de-locde-dev-talk-sur-la-facon-de-concevoir-un-nouveau-contrat-social-en-lamerique-latine-de-la-theorie-a-laction-soulignant-que-le-panama-met-en-oeuvre-le-p\/#primaryimage\"},\"image\":{\"@id\":\"https:\/\/embajadadepanamaenfrancia.fr\/fr\/notre-ambassadrice-a-participe-de-locde-dev-talk-sur-la-facon-de-concevoir-un-nouveau-contrat-social-en-lamerique-latine-de-la-theorie-a-laction-soulignant-que-le-panama-met-en-oeuvre-le-p\/#primaryimage\"},\"thumbnailUrl\":\"https:\/\/embajadadepanamaenfrancia.fr\/wp-content\/uploads\/2021\/03\/oec.jpg\",\"datePublished\":\"2021-03-19T14:34:40+00:00\",\"dateModified\":\"2021-03-19T14:52:21+00:00\",\"author\":{\"@id\":\"https:\/\/embajadadepanamaenfrancia.fr\/fr\/#\/schema\/person\/c9c6e25fbace3e960b96a3f809ba7d3c\"},\"breadcrumb\":{\"@id\":\"https:\/\/embajadadepanamaenfrancia.fr\/fr\/notre-ambassadrice-a-participe-de-locde-dev-talk-sur-la-facon-de-concevoir-un-nouveau-contrat-social-en-lamerique-latine-de-la-theorie-a-laction-soulignant-que-le-panama-met-en-oeuvre-le-p\/#breadcrumb\"},\"inLanguage\":\"fr-FR\",\"potentialAction\":[{\"@type\":\"ReadAction\",\"target\":[\"https:\/\/embajadadepanamaenfrancia.fr\/fr\/notre-ambassadrice-a-participe-de-locde-dev-talk-sur-la-facon-de-concevoir-un-nouveau-contrat-social-en-lamerique-latine-de-la-theorie-a-laction-soulignant-que-le-panama-met-en-oeuvre-le-p\/\"]}]},{\"@type\":\"ImageObject\",\"inLanguage\":\"fr-FR\",\"@id\":\"https:\/\/embajadadepanamaenfrancia.fr\/fr\/notre-ambassadrice-a-participe-de-locde-dev-talk-sur-la-facon-de-concevoir-un-nouveau-contrat-social-en-lamerique-latine-de-la-theorie-a-laction-soulignant-que-le-panama-met-en-oeuvre-le-p\/#primaryimage\",\"url\":\"https:\/\/embajadadepanamaenfrancia.fr\/wp-content\/uploads\/2021\/03\/oec.jpg\",\"contentUrl\":\"https:\/\/embajadadepanamaenfrancia.fr\/wp-content\/uploads\/2021\/03\/oec.jpg\",\"width\":1695,\"height\":998},{\"@type\":\"BreadcrumbList\",\"@id\":\"https:\/\/embajadadepanamaenfrancia.fr\/fr\/notre-ambassadrice-a-participe-de-locde-dev-talk-sur-la-facon-de-concevoir-un-nouveau-contrat-social-en-lamerique-latine-de-la-theorie-a-laction-soulignant-que-le-panama-met-en-oeuvre-le-p\/#breadcrumb\",\"itemListElement\":[{\"@type\":\"ListItem\",\"position\":1,\"name\":\"Portada\",\"item\":\"https:\/\/embajadadepanamaenfrancia.fr\/fr\/\"},{\"@type\":\"ListItem\",\"position\":2,\"name\":\"Notre Ambassadrice a particip\u00e9 de l&#8217;OECD DEV TALKS sur la fa\u00e7on de concevoir un nouveau contrat social en l\u00b4Am\u00e9rique latine, soulignant que le Panama met en \u0153uvre le pacte du bicentenaire.\"}]},{\"@type\":\"WebSite\",\"@id\":\"https:\/\/embajadadepanamaenfrancia.fr\/fr\/#website\",\"url\":\"https:\/\/embajadadepanamaenfrancia.fr\/fr\/\",\"name\":\"Embajada de Panam\u00e1 en Francia - Ambassade du Panama en France\",\"description\":\"Bienvenido al sitio de la Embajada de Panam\u00e1 en Francia - Bienvenu \u00e0 l&#039;Ambassade du Panama en France\",\"potentialAction\":[{\"@type\":\"SearchAction\",\"target\":{\"@type\":\"EntryPoint\",\"urlTemplate\":\"https:\/\/embajadadepanamaenfrancia.fr\/fr\/?s={search_term_string}\"},\"query-input\":{\"@type\":\"PropertyValueSpecification\",\"valueRequired\":true,\"valueName\":\"search_term_string\"}}],\"inLanguage\":\"fr-FR\"},{\"@type\":\"Person\",\"@id\":\"https:\/\/embajadadepanamaenfrancia.fr\/fr\/#\/schema\/person\/c9c6e25fbace3e960b96a3f809ba7d3c\",\"name\":\"Edgardo Pitti\",\"sameAs\":[\"https:\/\/www.facebook.com\/EmbajadadePanamaenFrancia\",\"https:\/\/www.instagram.com\/embpanamafra\/\",\"https:\/\/x.com\/embpanamafra\"],\"url\":\"https:\/\/embajadadepanamaenfrancia.fr\/fr\/author\/edgardo-pitti\/\"}]}<\/script>\n<!-- \/ Yoast SEO plugin. -->","yoast_head_json":{"title":"Notre Ambassadrice a particip\u00e9 de l'OECD DEV TALKS sur la fa\u00e7on de concevoir un nouveau contrat social en l\u00b4Am\u00e9rique latine, soulignant que le Panama met en \u0153uvre le pacte du bicentenaire. - Embajada de Panam\u00e1 en Francia - Ambassade du Panama en France","robots":{"index":"index","follow":"follow","max-snippet":"max-snippet:-1","max-image-preview":"max-image-preview:large","max-video-preview":"max-video-preview:-1"},"canonical":"https:\/\/embajadadepanamaenfrancia.fr\/fr\/notre-ambassadrice-a-participe-de-locde-dev-talk-sur-la-facon-de-concevoir-un-nouveau-contrat-social-en-lamerique-latine-de-la-theorie-a-laction-soulignant-que-le-panama-met-en-oeuvre-le-p\/","og_locale":"fr_FR","og_type":"article","og_title":"Notre Ambassadrice a particip\u00e9 de l'OECD DEV TALKS sur la fa\u00e7on de concevoir un nouveau contrat social en l\u00b4Am\u00e9rique latine, soulignant que le Panama met en \u0153uvre le pacte du bicentenaire. - Embajada de Panam\u00e1 en Francia - Ambassade du Panama en France","og_url":"https:\/\/embajadadepanamaenfrancia.fr\/fr\/notre-ambassadrice-a-participe-de-locde-dev-talk-sur-la-facon-de-concevoir-un-nouveau-contrat-social-en-lamerique-latine-de-la-theorie-a-laction-soulignant-que-le-panama-met-en-oeuvre-le-p\/","og_site_name":"Embajada de Panam\u00e1 en Francia - Ambassade du Panama en France","article_author":"https:\/\/www.facebook.com\/EmbajadadePanamaenFrancia","article_published_time":"2021-03-19T14:34:40+00:00","article_modified_time":"2021-03-19T14:52:21+00:00","og_image":[{"width":1695,"height":998,"url":"https:\/\/embajadadepanamaenfrancia.fr\/wp-content\/uploads\/2021\/03\/oec.jpg","type":"image\/jpeg"}],"author":"Edgardo Pitti","twitter_card":"summary_large_image","twitter_creator":"@embpanamafra","twitter_misc":{"\u00c9crit par":"Edgardo Pitti"},"schema":{"@context":"https:\/\/schema.org","@graph":[{"@type":"WebPage","@id":"https:\/\/embajadadepanamaenfrancia.fr\/fr\/notre-ambassadrice-a-participe-de-locde-dev-talk-sur-la-facon-de-concevoir-un-nouveau-contrat-social-en-lamerique-latine-de-la-theorie-a-laction-soulignant-que-le-panama-met-en-oeuvre-le-p\/","url":"https:\/\/embajadadepanamaenfrancia.fr\/fr\/notre-ambassadrice-a-participe-de-locde-dev-talk-sur-la-facon-de-concevoir-un-nouveau-contrat-social-en-lamerique-latine-de-la-theorie-a-laction-soulignant-que-le-panama-met-en-oeuvre-le-p\/","name":"Notre Ambassadrice a particip\u00e9 de l'OECD DEV TALKS sur la fa\u00e7on de concevoir un nouveau contrat social en l\u00b4Am\u00e9rique latine, soulignant que le Panama met en \u0153uvre le pacte du bicentenaire. - Embajada de Panam\u00e1 en Francia - Ambassade du Panama en France","isPartOf":{"@id":"https:\/\/embajadadepanamaenfrancia.fr\/fr\/#website"},"primaryImageOfPage":{"@id":"https:\/\/embajadadepanamaenfrancia.fr\/fr\/notre-ambassadrice-a-participe-de-locde-dev-talk-sur-la-facon-de-concevoir-un-nouveau-contrat-social-en-lamerique-latine-de-la-theorie-a-laction-soulignant-que-le-panama-met-en-oeuvre-le-p\/#primaryimage"},"image":{"@id":"https:\/\/embajadadepanamaenfrancia.fr\/fr\/notre-ambassadrice-a-participe-de-locde-dev-talk-sur-la-facon-de-concevoir-un-nouveau-contrat-social-en-lamerique-latine-de-la-theorie-a-laction-soulignant-que-le-panama-met-en-oeuvre-le-p\/#primaryimage"},"thumbnailUrl":"https:\/\/embajadadepanamaenfrancia.fr\/wp-content\/uploads\/2021\/03\/oec.jpg","datePublished":"2021-03-19T14:34:40+00:00","dateModified":"2021-03-19T14:52:21+00:00","author":{"@id":"https:\/\/embajadadepanamaenfrancia.fr\/fr\/#\/schema\/person\/c9c6e25fbace3e960b96a3f809ba7d3c"},"breadcrumb":{"@id":"https:\/\/embajadadepanamaenfrancia.fr\/fr\/notre-ambassadrice-a-participe-de-locde-dev-talk-sur-la-facon-de-concevoir-un-nouveau-contrat-social-en-lamerique-latine-de-la-theorie-a-laction-soulignant-que-le-panama-met-en-oeuvre-le-p\/#breadcrumb"},"inLanguage":"fr-FR","potentialAction":[{"@type":"ReadAction","target":["https:\/\/embajadadepanamaenfrancia.fr\/fr\/notre-ambassadrice-a-participe-de-locde-dev-talk-sur-la-facon-de-concevoir-un-nouveau-contrat-social-en-lamerique-latine-de-la-theorie-a-laction-soulignant-que-le-panama-met-en-oeuvre-le-p\/"]}]},{"@type":"ImageObject","inLanguage":"fr-FR","@id":"https:\/\/embajadadepanamaenfrancia.fr\/fr\/notre-ambassadrice-a-participe-de-locde-dev-talk-sur-la-facon-de-concevoir-un-nouveau-contrat-social-en-lamerique-latine-de-la-theorie-a-laction-soulignant-que-le-panama-met-en-oeuvre-le-p\/#primaryimage","url":"https:\/\/embajadadepanamaenfrancia.fr\/wp-content\/uploads\/2021\/03\/oec.jpg","contentUrl":"https:\/\/embajadadepanamaenfrancia.fr\/wp-content\/uploads\/2021\/03\/oec.jpg","width":1695,"height":998},{"@type":"BreadcrumbList","@id":"https:\/\/embajadadepanamaenfrancia.fr\/fr\/notre-ambassadrice-a-participe-de-locde-dev-talk-sur-la-facon-de-concevoir-un-nouveau-contrat-social-en-lamerique-latine-de-la-theorie-a-laction-soulignant-que-le-panama-met-en-oeuvre-le-p\/#breadcrumb","itemListElement":[{"@type":"ListItem","position":1,"name":"Portada","item":"https:\/\/embajadadepanamaenfrancia.fr\/fr\/"},{"@type":"ListItem","position":2,"name":"Notre Ambassadrice a particip\u00e9 de l&#8217;OECD DEV TALKS sur la fa\u00e7on de concevoir un nouveau contrat social en l\u00b4Am\u00e9rique latine, soulignant que le Panama met en \u0153uvre le pacte du bicentenaire."}]},{"@type":"WebSite","@id":"https:\/\/embajadadepanamaenfrancia.fr\/fr\/#website","url":"https:\/\/embajadadepanamaenfrancia.fr\/fr\/","name":"Embajada de Panam\u00e1 en Francia - Ambassade du Panama en France","description":"Bienvenido al sitio de la Embajada de Panam\u00e1 en Francia - Bienvenu \u00e0 l&#039;Ambassade du Panama en France","potentialAction":[{"@type":"SearchAction","target":{"@type":"EntryPoint","urlTemplate":"https:\/\/embajadadepanamaenfrancia.fr\/fr\/?s={search_term_string}"},"query-input":{"@type":"PropertyValueSpecification","valueRequired":true,"valueName":"search_term_string"}}],"inLanguage":"fr-FR"},{"@type":"Person","@id":"https:\/\/embajadadepanamaenfrancia.fr\/fr\/#\/schema\/person\/c9c6e25fbace3e960b96a3f809ba7d3c","name":"Edgardo Pitti","sameAs":["https:\/\/www.facebook.com\/EmbajadadePanamaenFrancia","https:\/\/www.instagram.com\/embpanamafra\/","https:\/\/x.com\/embpanamafra"],"url":"https:\/\/embajadadepanamaenfrancia.fr\/fr\/author\/edgardo-pitti\/"}]}},"_links":{"self":[{"href":"https:\/\/embajadadepanamaenfrancia.fr\/fr\/wp-json\/wp\/v2\/posts\/13230"}],"collection":[{"href":"https:\/\/embajadadepanamaenfrancia.fr\/fr\/wp-json\/wp\/v2\/posts"}],"about":[{"href":"https:\/\/embajadadepanamaenfrancia.fr\/fr\/wp-json\/wp\/v2\/types\/post"}],"author":[{"embeddable":true,"href":"https:\/\/embajadadepanamaenfrancia.fr\/fr\/wp-json\/wp\/v2\/users\/6"}],"replies":[{"embeddable":true,"href":"https:\/\/embajadadepanamaenfrancia.fr\/fr\/wp-json\/wp\/v2\/comments?post=13230"}],"version-history":[{"count":5,"href":"https:\/\/embajadadepanamaenfrancia.fr\/fr\/wp-json\/wp\/v2\/posts\/13230\/revisions"}],"predecessor-version":[{"id":13238,"href":"https:\/\/embajadadepanamaenfrancia.fr\/fr\/wp-json\/wp\/v2\/posts\/13230\/revisions\/13238"}],"wp:featuredmedia":[{"embeddable":true,"href":"https:\/\/embajadadepanamaenfrancia.fr\/fr\/wp-json\/wp\/v2\/media\/13227"}],"wp:attachment":[{"href":"https:\/\/embajadadepanamaenfrancia.fr\/fr\/wp-json\/wp\/v2\/media?parent=13230"}],"wp:term":[{"taxonomy":"category","embeddable":true,"href":"https:\/\/embajadadepanamaenfrancia.fr\/fr\/wp-json\/wp\/v2\/categories?post=13230"},{"taxonomy":"post_tag","embeddable":true,"href":"https:\/\/embajadadepanamaenfrancia.fr\/fr\/wp-json\/wp\/v2\/tags?post=13230"}],"curies":[{"name":"wp","href":"https:\/\/api.w.org\/{rel}","templated":true}]}}