{"id":1560,"date":"2015-03-20T01:23:39","date_gmt":"2015-03-20T00:23:39","guid":{"rendered":"https:\/\/2020.embajadadepanamaenfrancia.fr\/?p=1560"},"modified":"2016-02-03T01:25:42","modified_gmt":"2016-02-03T00:25:42","slug":"panama-la-destination-qui-ne-veut-pas-porter-le-chapeau","status":"publish","type":"post","link":"https:\/\/embajadadepanamaenfrancia.fr\/fr\/panama-la-destination-qui-ne-veut-pas-porter-le-chapeau\/","title":{"rendered":"Panama : la destination qui ne veut pas porter le chapeau\u2026"},"content":{"rendered":"<p style=\"text-align: justify;\">source : www.tourmag.com<br \/>\nLe march\u00e9 fran\u00e7ais enregistre la plus forte progression en 2014.<br \/>\nDepuis le lancement du vol direct Paris \u2013 Panama City par Air France, le Panama s\u00e9duit de plus en plus de Fran\u00e7ais. L\u2019ouverture d\u2019un club Look\u00e9a par Look Voyages a donn\u00e9 un nouveau coup de projecteur. D\u00e9sormais, la destination ne figure plus dans les catalogues des TO comme une simple \u201cextension\u201d au Costa Rica ou \u00e0 la Colombie. Le Panama est une destination \u00e0 part enti\u00e8re, aux nombreux atouts, au premier rang desquels : son canal. Agrandissement de l\u2019a\u00e9roport, du canal de Panama, d\u00e9veloppement h\u00f4telier\u2026 le pays pourrait bien devenir un nouvel eldorado touristique.<br \/>\n<a href=\"http:\/\/www.tourmag.com\/Panama-la-destination-qui-ne-veut-pas-porter-le-chapeau_a72840.html#\" target=\"_blank\">Lire la suite\u2026<\/a><\/p>\n<p>&nbsp;<\/p>\n<div id=\"attachment_1561\" style=\"width: 618px\" class=\"wp-caption aligncenter\"><img loading=\"lazy\" decoding=\"async\" aria-describedby=\"caption-attachment-1561\" class=\"size-full wp-image-1561\" src=\"https:\/\/2020.embajadadepanamaenfrancia.fr\/wp-content\/uploads\/2016\/02\/7577598-11697129.jpg\" alt=\"Le march\u00e9 fran\u00e7ais a enregistr\u00e9 la plus forte progression en terme de fr\u00e9quentation en 2014\u00a9 Marcus \u2013 Fotolia.com\" width=\"608\" height=\"423\" srcset=\"https:\/\/embajadadepanamaenfrancia.fr\/wp-content\/uploads\/2016\/02\/7577598-11697129.jpg 608w, https:\/\/embajadadepanamaenfrancia.fr\/wp-content\/uploads\/2016\/02\/7577598-11697129-300x209.jpg 300w\" sizes=\"(max-width: 608px) 100vw, 608px\" \/><p id=\"caption-attachment-1561\" class=\"wp-caption-text\">Le march\u00e9 fran\u00e7ais a enregistr\u00e9 la plus forte progression en terme de fr\u00e9quentation en 2014\u00a9 Marcus \u2013 Fotolia.com<\/p><\/div>\n","protected":false},"excerpt":{"rendered":"<p>source : www.tourmag.com Le march\u00e9 fran\u00e7ais enregistre la plus forte progression en 2014. Depuis le lancement du vol direct Paris \u2013 Panama City par Air France, le Panama s\u00e9duit de plus en plus de Fran\u00e7ais. L\u2019ouverture d\u2019un club Look\u00e9a par Look Voyages a donn\u00e9 un nouveau coup de projecteur. D\u00e9sormais, la destination ne figure plus [&hellip;]<\/p>\n","protected":false},"author":4,"featured_media":1562,"comment_status":"open","ping_status":"open","sticky":false,"template":"","format":"standard","meta":{"_et_pb_use_builder":"","_et_pb_old_content":"","_et_gb_content_width":"","footnotes":""},"categories":[32],"tags":[],"class_list":["post-1560","post","type-post","status-publish","format-standard","has-post-thumbnail","hentry","category-commerce-investissement","et-has-post-format-content","et_post_format-et-post-format-standard"],"yoast_head":"<!-- This site is optimized with the Yoast SEO plugin v23.6 - https:\/\/yoast.com\/wordpress\/plugins\/seo\/ -->\n<title>Panama : la destination qui ne veut pas porter le chapeau\u2026 - Embajada de Panam\u00e1 en Francia - Ambassade du Panama en France<\/title>\n<meta name=\"robots\" content=\"index, follow, max-snippet:-1, max-image-preview:large, max-video-preview:-1\" \/>\n<link rel=\"canonical\" href=\"https:\/\/embajadadepanamaenfrancia.fr\/fr\/panama-la-destination-qui-ne-veut-pas-porter-le-chapeau\/\" \/>\n<meta property=\"og:locale\" content=\"fr_FR\" \/>\n<meta property=\"og:type\" content=\"article\" \/>\n<meta property=\"og:title\" content=\"Panama : la destination qui ne veut pas porter le chapeau\u2026 - Embajada de Panam\u00e1 en Francia - Ambassade du Panama en France\" \/>\n<meta property=\"og:description\" content=\"source : www.tourmag.com Le march\u00e9 fran\u00e7ais enregistre la plus forte progression en 2014. Depuis le lancement du vol direct Paris \u2013 Panama City par Air France, le Panama s\u00e9duit de plus en plus de Fran\u00e7ais. L\u2019ouverture d\u2019un club Look\u00e9a par Look Voyages a donn\u00e9 un nouveau coup de projecteur. D\u00e9sormais, la destination ne figure plus [&hellip;]\" \/>\n<meta property=\"og:url\" content=\"https:\/\/embajadadepanamaenfrancia.fr\/fr\/panama-la-destination-qui-ne-veut-pas-porter-le-chapeau\/\" \/>\n<meta property=\"og:site_name\" content=\"Embajada de Panam\u00e1 en Francia - Ambassade du Panama en France\" \/>\n<meta property=\"article:published_time\" content=\"2015-03-20T00:23:39+00:00\" \/>\n<meta property=\"article:modified_time\" content=\"2016-02-03T00:25:42+00:00\" \/>\n<meta property=\"og:image\" content=\"https:\/\/embajadadepanamaenfrancia.fr\/wp-content\/uploads\/2016\/02\/visitpanama.jpg\" \/>\n\t<meta property=\"og:image:width\" content=\"934\" \/>\n\t<meta property=\"og:image:height\" content=\"623\" \/>\n\t<meta property=\"og:image:type\" content=\"image\/jpeg\" \/>\n<meta name=\"author\" content=\"Embajada\" \/>\n<meta name=\"twitter:card\" content=\"summary_large_image\" \/>\n<meta name=\"twitter:label1\" content=\"\u00c9crit par\" \/>\n\t<meta name=\"twitter:data1\" content=\"Embajada\" \/>\n\t<meta name=\"twitter:label2\" content=\"Dur\u00e9e de lecture estim\u00e9e\" \/>\n\t<meta name=\"twitter:data2\" content=\"1 minute\" \/>\n<script type=\"application\/ld+json\" class=\"yoast-schema-graph\">{\"@context\":\"https:\/\/schema.org\",\"@graph\":[{\"@type\":\"WebPage\",\"@id\":\"https:\/\/embajadadepanamaenfrancia.fr\/fr\/panama-la-destination-qui-ne-veut-pas-porter-le-chapeau\/\",\"url\":\"https:\/\/embajadadepanamaenfrancia.fr\/fr\/panama-la-destination-qui-ne-veut-pas-porter-le-chapeau\/\",\"name\":\"Panama : la destination qui ne veut pas porter le chapeau\u2026 - Embajada de Panam\u00e1 en Francia - Ambassade du Panama en France\",\"isPartOf\":{\"@id\":\"https:\/\/embajadadepanamaenfrancia.fr\/fr\/#website\"},\"primaryImageOfPage\":{\"@id\":\"https:\/\/embajadadepanamaenfrancia.fr\/fr\/panama-la-destination-qui-ne-veut-pas-porter-le-chapeau\/#primaryimage\"},\"image\":{\"@id\":\"https:\/\/embajadadepanamaenfrancia.fr\/fr\/panama-la-destination-qui-ne-veut-pas-porter-le-chapeau\/#primaryimage\"},\"thumbnailUrl\":\"https:\/\/embajadadepanamaenfrancia.fr\/wp-content\/uploads\/2016\/02\/visitpanama.jpg\",\"datePublished\":\"2015-03-20T00:23:39+00:00\",\"dateModified\":\"2016-02-03T00:25:42+00:00\",\"author\":{\"@id\":\"https:\/\/embajadadepanamaenfrancia.fr\/fr\/#\/schema\/person\/9c07295aa54fa6c2c6ab7c7f500d4f64\"},\"breadcrumb\":{\"@id\":\"https:\/\/embajadadepanamaenfrancia.fr\/fr\/panama-la-destination-qui-ne-veut-pas-porter-le-chapeau\/#breadcrumb\"},\"inLanguage\":\"fr-FR\",\"potentialAction\":[{\"@type\":\"ReadAction\",\"target\":[\"https:\/\/embajadadepanamaenfrancia.fr\/fr\/panama-la-destination-qui-ne-veut-pas-porter-le-chapeau\/\"]}]},{\"@type\":\"ImageObject\",\"inLanguage\":\"fr-FR\",\"@id\":\"https:\/\/embajadadepanamaenfrancia.fr\/fr\/panama-la-destination-qui-ne-veut-pas-porter-le-chapeau\/#primaryimage\",\"url\":\"https:\/\/embajadadepanamaenfrancia.fr\/wp-content\/uploads\/2016\/02\/visitpanama.jpg\",\"contentUrl\":\"https:\/\/embajadadepanamaenfrancia.fr\/wp-content\/uploads\/2016\/02\/visitpanama.jpg\",\"width\":934,\"height\":623},{\"@type\":\"BreadcrumbList\",\"@id\":\"https:\/\/embajadadepanamaenfrancia.fr\/fr\/panama-la-destination-qui-ne-veut-pas-porter-le-chapeau\/#breadcrumb\",\"itemListElement\":[{\"@type\":\"ListItem\",\"position\":1,\"name\":\"Portada\",\"item\":\"https:\/\/embajadadepanamaenfrancia.fr\/fr\/\"},{\"@type\":\"ListItem\",\"position\":2,\"name\":\"Panama : la destination qui ne veut pas porter le chapeau\u2026\"}]},{\"@type\":\"WebSite\",\"@id\":\"https:\/\/embajadadepanamaenfrancia.fr\/fr\/#website\",\"url\":\"https:\/\/embajadadepanamaenfrancia.fr\/fr\/\",\"name\":\"Embajada de Panam\u00e1 en Francia - Ambassade du Panama en France\",\"description\":\"Bienvenido al sitio de la Embajada de Panam\u00e1 en Francia - Bienvenu \u00e0 l&#039;Ambassade du Panama en France\",\"potentialAction\":[{\"@type\":\"SearchAction\",\"target\":{\"@type\":\"EntryPoint\",\"urlTemplate\":\"https:\/\/embajadadepanamaenfrancia.fr\/fr\/?s={search_term_string}\"},\"query-input\":{\"@type\":\"PropertyValueSpecification\",\"valueRequired\":true,\"valueName\":\"search_term_string\"}}],\"inLanguage\":\"fr-FR\"},{\"@type\":\"Person\",\"@id\":\"https:\/\/embajadadepanamaenfrancia.fr\/fr\/#\/schema\/person\/9c07295aa54fa6c2c6ab7c7f500d4f64\",\"name\":\"Embajada\",\"sameAs\":[\"http:\/\/0670114215\"],\"url\":\"https:\/\/embajadadepanamaenfrancia.fr\/fr\/author\/patagonia_torrijos\/\"}]}<\/script>\n<!-- \/ Yoast SEO plugin. -->","yoast_head_json":{"title":"Panama : la destination qui ne veut pas porter le chapeau\u2026 - Embajada de Panam\u00e1 en Francia - Ambassade du Panama en France","robots":{"index":"index","follow":"follow","max-snippet":"max-snippet:-1","max-image-preview":"max-image-preview:large","max-video-preview":"max-video-preview:-1"},"canonical":"https:\/\/embajadadepanamaenfrancia.fr\/fr\/panama-la-destination-qui-ne-veut-pas-porter-le-chapeau\/","og_locale":"fr_FR","og_type":"article","og_title":"Panama : la destination qui ne veut pas porter le chapeau\u2026 - Embajada de Panam\u00e1 en Francia - Ambassade du Panama en France","og_description":"source : www.tourmag.com Le march\u00e9 fran\u00e7ais enregistre la plus forte progression en 2014. Depuis le lancement du vol direct Paris \u2013 Panama City par Air France, le Panama s\u00e9duit de plus en plus de Fran\u00e7ais. L\u2019ouverture d\u2019un club Look\u00e9a par Look Voyages a donn\u00e9 un nouveau coup de projecteur. D\u00e9sormais, la destination ne figure plus [&hellip;]","og_url":"https:\/\/embajadadepanamaenfrancia.fr\/fr\/panama-la-destination-qui-ne-veut-pas-porter-le-chapeau\/","og_site_name":"Embajada de Panam\u00e1 en Francia - Ambassade du Panama en France","article_published_time":"2015-03-20T00:23:39+00:00","article_modified_time":"2016-02-03T00:25:42+00:00","og_image":[{"width":934,"height":623,"url":"https:\/\/embajadadepanamaenfrancia.fr\/wp-content\/uploads\/2016\/02\/visitpanama.jpg","type":"image\/jpeg"}],"author":"Embajada","twitter_card":"summary_large_image","twitter_misc":{"\u00c9crit par":"Embajada","Dur\u00e9e de lecture estim\u00e9e":"1 minute"},"schema":{"@context":"https:\/\/schema.org","@graph":[{"@type":"WebPage","@id":"https:\/\/embajadadepanamaenfrancia.fr\/fr\/panama-la-destination-qui-ne-veut-pas-porter-le-chapeau\/","url":"https:\/\/embajadadepanamaenfrancia.fr\/fr\/panama-la-destination-qui-ne-veut-pas-porter-le-chapeau\/","name":"Panama : la destination qui ne veut pas porter le chapeau\u2026 - Embajada de Panam\u00e1 en Francia - Ambassade du Panama en France","isPartOf":{"@id":"https:\/\/embajadadepanamaenfrancia.fr\/fr\/#website"},"primaryImageOfPage":{"@id":"https:\/\/embajadadepanamaenfrancia.fr\/fr\/panama-la-destination-qui-ne-veut-pas-porter-le-chapeau\/#primaryimage"},"image":{"@id":"https:\/\/embajadadepanamaenfrancia.fr\/fr\/panama-la-destination-qui-ne-veut-pas-porter-le-chapeau\/#primaryimage"},"thumbnailUrl":"https:\/\/embajadadepanamaenfrancia.fr\/wp-content\/uploads\/2016\/02\/visitpanama.jpg","datePublished":"2015-03-20T00:23:39+00:00","dateModified":"2016-02-03T00:25:42+00:00","author":{"@id":"https:\/\/embajadadepanamaenfrancia.fr\/fr\/#\/schema\/person\/9c07295aa54fa6c2c6ab7c7f500d4f64"},"breadcrumb":{"@id":"https:\/\/embajadadepanamaenfrancia.fr\/fr\/panama-la-destination-qui-ne-veut-pas-porter-le-chapeau\/#breadcrumb"},"inLanguage":"fr-FR","potentialAction":[{"@type":"ReadAction","target":["https:\/\/embajadadepanamaenfrancia.fr\/fr\/panama-la-destination-qui-ne-veut-pas-porter-le-chapeau\/"]}]},{"@type":"ImageObject","inLanguage":"fr-FR","@id":"https:\/\/embajadadepanamaenfrancia.fr\/fr\/panama-la-destination-qui-ne-veut-pas-porter-le-chapeau\/#primaryimage","url":"https:\/\/embajadadepanamaenfrancia.fr\/wp-content\/uploads\/2016\/02\/visitpanama.jpg","contentUrl":"https:\/\/embajadadepanamaenfrancia.fr\/wp-content\/uploads\/2016\/02\/visitpanama.jpg","width":934,"height":623},{"@type":"BreadcrumbList","@id":"https:\/\/embajadadepanamaenfrancia.fr\/fr\/panama-la-destination-qui-ne-veut-pas-porter-le-chapeau\/#breadcrumb","itemListElement":[{"@type":"ListItem","position":1,"name":"Portada","item":"https:\/\/embajadadepanamaenfrancia.fr\/fr\/"},{"@type":"ListItem","position":2,"name":"Panama : la destination qui ne veut pas porter le chapeau\u2026"}]},{"@type":"WebSite","@id":"https:\/\/embajadadepanamaenfrancia.fr\/fr\/#website","url":"https:\/\/embajadadepanamaenfrancia.fr\/fr\/","name":"Embajada de Panam\u00e1 en Francia - Ambassade du Panama en France","description":"Bienvenido al sitio de la Embajada de Panam\u00e1 en Francia - Bienvenu \u00e0 l&#039;Ambassade du Panama en France","potentialAction":[{"@type":"SearchAction","target":{"@type":"EntryPoint","urlTemplate":"https:\/\/embajadadepanamaenfrancia.fr\/fr\/?s={search_term_string}"},"query-input":{"@type":"PropertyValueSpecification","valueRequired":true,"valueName":"search_term_string"}}],"inLanguage":"fr-FR"},{"@type":"Person","@id":"https:\/\/embajadadepanamaenfrancia.fr\/fr\/#\/schema\/person\/9c07295aa54fa6c2c6ab7c7f500d4f64","name":"Embajada","sameAs":["http:\/\/0670114215"],"url":"https:\/\/embajadadepanamaenfrancia.fr\/fr\/author\/patagonia_torrijos\/"}]}},"_links":{"self":[{"href":"https:\/\/embajadadepanamaenfrancia.fr\/fr\/wp-json\/wp\/v2\/posts\/1560"}],"collection":[{"href":"https:\/\/embajadadepanamaenfrancia.fr\/fr\/wp-json\/wp\/v2\/posts"}],"about":[{"href":"https:\/\/embajadadepanamaenfrancia.fr\/fr\/wp-json\/wp\/v2\/types\/post"}],"author":[{"embeddable":true,"href":"https:\/\/embajadadepanamaenfrancia.fr\/fr\/wp-json\/wp\/v2\/users\/4"}],"replies":[{"embeddable":true,"href":"https:\/\/embajadadepanamaenfrancia.fr\/fr\/wp-json\/wp\/v2\/comments?post=1560"}],"version-history":[{"count":0,"href":"https:\/\/embajadadepanamaenfrancia.fr\/fr\/wp-json\/wp\/v2\/posts\/1560\/revisions"}],"wp:featuredmedia":[{"embeddable":true,"href":"https:\/\/embajadadepanamaenfrancia.fr\/fr\/wp-json\/wp\/v2\/media\/1562"}],"wp:attachment":[{"href":"https:\/\/embajadadepanamaenfrancia.fr\/fr\/wp-json\/wp\/v2\/media?parent=1560"}],"wp:term":[{"taxonomy":"category","embeddable":true,"href":"https:\/\/embajadadepanamaenfrancia.fr\/fr\/wp-json\/wp\/v2\/categories?post=1560"},{"taxonomy":"post_tag","embeddable":true,"href":"https:\/\/embajadadepanamaenfrancia.fr\/fr\/wp-json\/wp\/v2\/tags?post=1560"}],"curies":[{"name":"wp","href":"https:\/\/api.w.org\/{rel}","templated":true}]}}