{"id":16806,"date":"2023-02-08T15:00:15","date_gmt":"2023-02-08T14:00:15","guid":{"rendered":"https:\/\/embajadadepanamaenfrancia.fr\/?p=16806"},"modified":"2023-02-08T15:00:15","modified_gmt":"2023-02-08T14:00:15","slug":"promotion-de-lart-panameen-en-france","status":"publish","type":"post","link":"https:\/\/embajadadepanamaenfrancia.fr\/fr\/promotion-de-lart-panameen-en-france\/","title":{"rendered":"Promotion de l&rsquo;art panam\u00e9en en France."},"content":{"rendered":"<p>Nous continuons \u00e0 soutenir l&rsquo;art et les talents panam\u00e9ens en \ud83c\udde8\ud83c\uddf5 !<\/p>\n<p>Nous avons re\u00e7u \u00e0 notre Ambassade Vladimir Barrios, artiste d&rsquo;art contemporain qui a r\u00e9cemment expos\u00e9 \u00e0 la Foire d&rsquo;Art Contemporain de Paris et Noel S\u00e1nchez, juge et biersommelier international bas\u00e9 en France ; afin de profiter des espaces promotionnels pour \ud83c\uddf5\ud83c\udde6 en \ud83c\udde8\ud83c\uddf5 et \ud83c\uddee\ud83c\udde9.<\/p>\n<p>&nbsp;<\/p>\n","protected":false},"excerpt":{"rendered":"<p>Nous continuons \u00e0 soutenir l&rsquo;art et les talents panam\u00e9ens en \ud83c\udde8\ud83c\uddf5 ! Nous avons re\u00e7u \u00e0 notre Ambassade Vladimir Barrios, artiste d&rsquo;art contemporain qui a r\u00e9cemment expos\u00e9 \u00e0 la Foire d&rsquo;Art Contemporain de Paris et Noel S\u00e1nchez, juge et biersommelier international bas\u00e9 en France ; afin de profiter des espaces promotionnels pour \ud83c\uddf5\ud83c\udde6 en \ud83c\udde8\ud83c\uddf5 [&hellip;]<\/p>\n","protected":false},"author":6,"featured_media":16807,"comment_status":"open","ping_status":"open","sticky":false,"template":"","format":"standard","meta":{"_et_pb_use_builder":"","_et_pb_old_content":"","_et_gb_content_width":"","footnotes":""},"categories":[13,36],"tags":[],"class_list":["post-16806","post","type-post","status-publish","format-standard","has-post-thumbnail","hentry","category-actualites","category-couverture","et-has-post-format-content","et_post_format-et-post-format-standard"],"yoast_head":"<!-- This site is optimized with the Yoast SEO plugin v23.6 - https:\/\/yoast.com\/wordpress\/plugins\/seo\/ -->\n<title>Promotion de l&#039;art panam\u00e9en en France. - Embajada de Panam\u00e1 en Francia - Ambassade du Panama en France<\/title>\n<meta name=\"robots\" content=\"index, follow, max-snippet:-1, max-image-preview:large, max-video-preview:-1\" \/>\n<link rel=\"canonical\" href=\"https:\/\/embajadadepanamaenfrancia.fr\/fr\/promotion-de-lart-panameen-en-france\/\" \/>\n<meta property=\"og:locale\" content=\"fr_FR\" \/>\n<meta property=\"og:type\" content=\"article\" \/>\n<meta property=\"og:title\" content=\"Promotion de l&#039;art panam\u00e9en en France. - Embajada de Panam\u00e1 en Francia - Ambassade du Panama en France\" \/>\n<meta property=\"og:description\" content=\"Nous continuons \u00e0 soutenir l&rsquo;art et les talents panam\u00e9ens en \ud83c\udde8\ud83c\uddf5 ! Nous avons re\u00e7u \u00e0 notre Ambassade Vladimir Barrios, artiste d&rsquo;art contemporain qui a r\u00e9cemment expos\u00e9 \u00e0 la Foire d&rsquo;Art Contemporain de Paris et Noel S\u00e1nchez, juge et biersommelier international bas\u00e9 en France ; afin de profiter des espaces promotionnels pour \ud83c\uddf5\ud83c\udde6 en \ud83c\udde8\ud83c\uddf5 [&hellip;]\" \/>\n<meta property=\"og:url\" content=\"https:\/\/embajadadepanamaenfrancia.fr\/fr\/promotion-de-lart-panameen-en-france\/\" \/>\n<meta property=\"og:site_name\" content=\"Embajada de Panam\u00e1 en Francia - Ambassade du Panama en France\" \/>\n<meta property=\"article:author\" content=\"https:\/\/www.facebook.com\/EmbajadadePanamaenFrancia\" \/>\n<meta property=\"article:published_time\" content=\"2023-02-08T14:00:15+00:00\" \/>\n<meta property=\"og:image\" content=\"https:\/\/embajadadepanamaenfrancia.fr\/wp-content\/uploads\/2023\/02\/IMG_20230207_173023_843.jpg\" \/>\n\t<meta property=\"og:image:width\" content=\"2516\" \/>\n\t<meta property=\"og:image:height\" content=\"2516\" \/>\n\t<meta property=\"og:image:type\" content=\"image\/jpeg\" \/>\n<meta name=\"author\" content=\"Edgardo Pitti\" \/>\n<meta name=\"twitter:card\" content=\"summary_large_image\" \/>\n<meta name=\"twitter:creator\" content=\"@embpanamafra\" \/>\n<meta name=\"twitter:label1\" content=\"\u00c9crit par\" \/>\n\t<meta name=\"twitter:data1\" content=\"Edgardo Pitti\" \/>\n\t<meta name=\"twitter:label2\" content=\"Dur\u00e9e de lecture estim\u00e9e\" \/>\n\t<meta name=\"twitter:data2\" content=\"1 minute\" \/>\n<script type=\"application\/ld+json\" class=\"yoast-schema-graph\">{\"@context\":\"https:\/\/schema.org\",\"@graph\":[{\"@type\":\"WebPage\",\"@id\":\"https:\/\/embajadadepanamaenfrancia.fr\/fr\/promotion-de-lart-panameen-en-france\/\",\"url\":\"https:\/\/embajadadepanamaenfrancia.fr\/fr\/promotion-de-lart-panameen-en-france\/\",\"name\":\"Promotion de l'art panam\u00e9en en France. - Embajada de Panam\u00e1 en Francia - Ambassade du Panama en France\",\"isPartOf\":{\"@id\":\"https:\/\/embajadadepanamaenfrancia.fr\/fr\/#website\"},\"primaryImageOfPage\":{\"@id\":\"https:\/\/embajadadepanamaenfrancia.fr\/fr\/promotion-de-lart-panameen-en-france\/#primaryimage\"},\"image\":{\"@id\":\"https:\/\/embajadadepanamaenfrancia.fr\/fr\/promotion-de-lart-panameen-en-france\/#primaryimage\"},\"thumbnailUrl\":\"https:\/\/embajadadepanamaenfrancia.fr\/wp-content\/uploads\/2023\/02\/IMG_20230207_173023_843.jpg\",\"datePublished\":\"2023-02-08T14:00:15+00:00\",\"dateModified\":\"2023-02-08T14:00:15+00:00\",\"author\":{\"@id\":\"https:\/\/embajadadepanamaenfrancia.fr\/fr\/#\/schema\/person\/c9c6e25fbace3e960b96a3f809ba7d3c\"},\"breadcrumb\":{\"@id\":\"https:\/\/embajadadepanamaenfrancia.fr\/fr\/promotion-de-lart-panameen-en-france\/#breadcrumb\"},\"inLanguage\":\"fr-FR\",\"potentialAction\":[{\"@type\":\"ReadAction\",\"target\":[\"https:\/\/embajadadepanamaenfrancia.fr\/fr\/promotion-de-lart-panameen-en-france\/\"]}]},{\"@type\":\"ImageObject\",\"inLanguage\":\"fr-FR\",\"@id\":\"https:\/\/embajadadepanamaenfrancia.fr\/fr\/promotion-de-lart-panameen-en-france\/#primaryimage\",\"url\":\"https:\/\/embajadadepanamaenfrancia.fr\/wp-content\/uploads\/2023\/02\/IMG_20230207_173023_843.jpg\",\"contentUrl\":\"https:\/\/embajadadepanamaenfrancia.fr\/wp-content\/uploads\/2023\/02\/IMG_20230207_173023_843.jpg\",\"width\":2516,\"height\":2516},{\"@type\":\"BreadcrumbList\",\"@id\":\"https:\/\/embajadadepanamaenfrancia.fr\/fr\/promotion-de-lart-panameen-en-france\/#breadcrumb\",\"itemListElement\":[{\"@type\":\"ListItem\",\"position\":1,\"name\":\"Portada\",\"item\":\"https:\/\/embajadadepanamaenfrancia.fr\/fr\/\"},{\"@type\":\"ListItem\",\"position\":2,\"name\":\"Promotion de l&#8217;art panam\u00e9en en France.\"}]},{\"@type\":\"WebSite\",\"@id\":\"https:\/\/embajadadepanamaenfrancia.fr\/fr\/#website\",\"url\":\"https:\/\/embajadadepanamaenfrancia.fr\/fr\/\",\"name\":\"Embajada de Panam\u00e1 en Francia - Ambassade du Panama en France\",\"description\":\"Bienvenido al sitio de la Embajada de Panam\u00e1 en Francia - Bienvenu \u00e0 l&#039;Ambassade du Panama en France\",\"potentialAction\":[{\"@type\":\"SearchAction\",\"target\":{\"@type\":\"EntryPoint\",\"urlTemplate\":\"https:\/\/embajadadepanamaenfrancia.fr\/fr\/?s={search_term_string}\"},\"query-input\":{\"@type\":\"PropertyValueSpecification\",\"valueRequired\":true,\"valueName\":\"search_term_string\"}}],\"inLanguage\":\"fr-FR\"},{\"@type\":\"Person\",\"@id\":\"https:\/\/embajadadepanamaenfrancia.fr\/fr\/#\/schema\/person\/c9c6e25fbace3e960b96a3f809ba7d3c\",\"name\":\"Edgardo Pitti\",\"sameAs\":[\"https:\/\/www.facebook.com\/EmbajadadePanamaenFrancia\",\"https:\/\/www.instagram.com\/embpanamafra\/\",\"https:\/\/x.com\/embpanamafra\"],\"url\":\"https:\/\/embajadadepanamaenfrancia.fr\/fr\/author\/edgardo-pitti\/\"}]}<\/script>\n<!-- \/ Yoast SEO plugin. -->","yoast_head_json":{"title":"Promotion de l'art panam\u00e9en en France. - Embajada de Panam\u00e1 en Francia - Ambassade du Panama en France","robots":{"index":"index","follow":"follow","max-snippet":"max-snippet:-1","max-image-preview":"max-image-preview:large","max-video-preview":"max-video-preview:-1"},"canonical":"https:\/\/embajadadepanamaenfrancia.fr\/fr\/promotion-de-lart-panameen-en-france\/","og_locale":"fr_FR","og_type":"article","og_title":"Promotion de l'art panam\u00e9en en France. - Embajada de Panam\u00e1 en Francia - Ambassade du Panama en France","og_description":"Nous continuons \u00e0 soutenir l&rsquo;art et les talents panam\u00e9ens en \ud83c\udde8\ud83c\uddf5 ! Nous avons re\u00e7u \u00e0 notre Ambassade Vladimir Barrios, artiste d&rsquo;art contemporain qui a r\u00e9cemment expos\u00e9 \u00e0 la Foire d&rsquo;Art Contemporain de Paris et Noel S\u00e1nchez, juge et biersommelier international bas\u00e9 en France ; afin de profiter des espaces promotionnels pour \ud83c\uddf5\ud83c\udde6 en \ud83c\udde8\ud83c\uddf5 [&hellip;]","og_url":"https:\/\/embajadadepanamaenfrancia.fr\/fr\/promotion-de-lart-panameen-en-france\/","og_site_name":"Embajada de Panam\u00e1 en Francia - Ambassade du Panama en France","article_author":"https:\/\/www.facebook.com\/EmbajadadePanamaenFrancia","article_published_time":"2023-02-08T14:00:15+00:00","og_image":[{"width":2516,"height":2516,"url":"https:\/\/embajadadepanamaenfrancia.fr\/wp-content\/uploads\/2023\/02\/IMG_20230207_173023_843.jpg","type":"image\/jpeg"}],"author":"Edgardo Pitti","twitter_card":"summary_large_image","twitter_creator":"@embpanamafra","twitter_misc":{"\u00c9crit par":"Edgardo Pitti","Dur\u00e9e de lecture estim\u00e9e":"1 minute"},"schema":{"@context":"https:\/\/schema.org","@graph":[{"@type":"WebPage","@id":"https:\/\/embajadadepanamaenfrancia.fr\/fr\/promotion-de-lart-panameen-en-france\/","url":"https:\/\/embajadadepanamaenfrancia.fr\/fr\/promotion-de-lart-panameen-en-france\/","name":"Promotion de l'art panam\u00e9en en France. - Embajada de Panam\u00e1 en Francia - Ambassade du Panama en France","isPartOf":{"@id":"https:\/\/embajadadepanamaenfrancia.fr\/fr\/#website"},"primaryImageOfPage":{"@id":"https:\/\/embajadadepanamaenfrancia.fr\/fr\/promotion-de-lart-panameen-en-france\/#primaryimage"},"image":{"@id":"https:\/\/embajadadepanamaenfrancia.fr\/fr\/promotion-de-lart-panameen-en-france\/#primaryimage"},"thumbnailUrl":"https:\/\/embajadadepanamaenfrancia.fr\/wp-content\/uploads\/2023\/02\/IMG_20230207_173023_843.jpg","datePublished":"2023-02-08T14:00:15+00:00","dateModified":"2023-02-08T14:00:15+00:00","author":{"@id":"https:\/\/embajadadepanamaenfrancia.fr\/fr\/#\/schema\/person\/c9c6e25fbace3e960b96a3f809ba7d3c"},"breadcrumb":{"@id":"https:\/\/embajadadepanamaenfrancia.fr\/fr\/promotion-de-lart-panameen-en-france\/#breadcrumb"},"inLanguage":"fr-FR","potentialAction":[{"@type":"ReadAction","target":["https:\/\/embajadadepanamaenfrancia.fr\/fr\/promotion-de-lart-panameen-en-france\/"]}]},{"@type":"ImageObject","inLanguage":"fr-FR","@id":"https:\/\/embajadadepanamaenfrancia.fr\/fr\/promotion-de-lart-panameen-en-france\/#primaryimage","url":"https:\/\/embajadadepanamaenfrancia.fr\/wp-content\/uploads\/2023\/02\/IMG_20230207_173023_843.jpg","contentUrl":"https:\/\/embajadadepanamaenfrancia.fr\/wp-content\/uploads\/2023\/02\/IMG_20230207_173023_843.jpg","width":2516,"height":2516},{"@type":"BreadcrumbList","@id":"https:\/\/embajadadepanamaenfrancia.fr\/fr\/promotion-de-lart-panameen-en-france\/#breadcrumb","itemListElement":[{"@type":"ListItem","position":1,"name":"Portada","item":"https:\/\/embajadadepanamaenfrancia.fr\/fr\/"},{"@type":"ListItem","position":2,"name":"Promotion de l&#8217;art panam\u00e9en en France."}]},{"@type":"WebSite","@id":"https:\/\/embajadadepanamaenfrancia.fr\/fr\/#website","url":"https:\/\/embajadadepanamaenfrancia.fr\/fr\/","name":"Embajada de Panam\u00e1 en Francia - Ambassade du Panama en France","description":"Bienvenido al sitio de la Embajada de Panam\u00e1 en Francia - Bienvenu \u00e0 l&#039;Ambassade du Panama en France","potentialAction":[{"@type":"SearchAction","target":{"@type":"EntryPoint","urlTemplate":"https:\/\/embajadadepanamaenfrancia.fr\/fr\/?s={search_term_string}"},"query-input":{"@type":"PropertyValueSpecification","valueRequired":true,"valueName":"search_term_string"}}],"inLanguage":"fr-FR"},{"@type":"Person","@id":"https:\/\/embajadadepanamaenfrancia.fr\/fr\/#\/schema\/person\/c9c6e25fbace3e960b96a3f809ba7d3c","name":"Edgardo Pitti","sameAs":["https:\/\/www.facebook.com\/EmbajadadePanamaenFrancia","https:\/\/www.instagram.com\/embpanamafra\/","https:\/\/x.com\/embpanamafra"],"url":"https:\/\/embajadadepanamaenfrancia.fr\/fr\/author\/edgardo-pitti\/"}]}},"_links":{"self":[{"href":"https:\/\/embajadadepanamaenfrancia.fr\/fr\/wp-json\/wp\/v2\/posts\/16806"}],"collection":[{"href":"https:\/\/embajadadepanamaenfrancia.fr\/fr\/wp-json\/wp\/v2\/posts"}],"about":[{"href":"https:\/\/embajadadepanamaenfrancia.fr\/fr\/wp-json\/wp\/v2\/types\/post"}],"author":[{"embeddable":true,"href":"https:\/\/embajadadepanamaenfrancia.fr\/fr\/wp-json\/wp\/v2\/users\/6"}],"replies":[{"embeddable":true,"href":"https:\/\/embajadadepanamaenfrancia.fr\/fr\/wp-json\/wp\/v2\/comments?post=16806"}],"version-history":[{"count":1,"href":"https:\/\/embajadadepanamaenfrancia.fr\/fr\/wp-json\/wp\/v2\/posts\/16806\/revisions"}],"predecessor-version":[{"id":16809,"href":"https:\/\/embajadadepanamaenfrancia.fr\/fr\/wp-json\/wp\/v2\/posts\/16806\/revisions\/16809"}],"wp:featuredmedia":[{"embeddable":true,"href":"https:\/\/embajadadepanamaenfrancia.fr\/fr\/wp-json\/wp\/v2\/media\/16807"}],"wp:attachment":[{"href":"https:\/\/embajadadepanamaenfrancia.fr\/fr\/wp-json\/wp\/v2\/media?parent=16806"}],"wp:term":[{"taxonomy":"category","embeddable":true,"href":"https:\/\/embajadadepanamaenfrancia.fr\/fr\/wp-json\/wp\/v2\/categories?post=16806"},{"taxonomy":"post_tag","embeddable":true,"href":"https:\/\/embajadadepanamaenfrancia.fr\/fr\/wp-json\/wp\/v2\/tags?post=16806"}],"curies":[{"name":"wp","href":"https:\/\/api.w.org\/{rel}","templated":true}]}}