{"id":16982,"date":"2023-03-03T11:10:07","date_gmt":"2023-03-03T10:10:07","guid":{"rendered":"https:\/\/embajadadepanamaenfrancia.fr\/?p=16982"},"modified":"2023-03-03T11:20:04","modified_gmt":"2023-03-03T10:20:04","slug":"16982","status":"publish","type":"post","link":"https:\/\/embajadadepanamaenfrancia.fr\/fr\/16982\/","title":{"rendered":"\u00c9change acad\u00e9mique, Coll\u00e8ge Saint Louis."},"content":{"rendered":"<p><img loading=\"lazy\" decoding=\"async\" class=\"alignnone size-full wp-image-16952\" src=\"https:\/\/embajadadepanamaenfrancia.fr\/wp-content\/uploads\/2023\/03\/Screenshot_20230301-081255_WhatsApp.jpg\" alt=\"\" width=\"973\" height=\"819\" srcset=\"https:\/\/embajadadepanamaenfrancia.fr\/wp-content\/uploads\/2023\/03\/Screenshot_20230301-081255_WhatsApp.jpg 973w, https:\/\/embajadadepanamaenfrancia.fr\/wp-content\/uploads\/2023\/03\/Screenshot_20230301-081255_WhatsApp-300x253.jpg 300w, https:\/\/embajadadepanamaenfrancia.fr\/wp-content\/uploads\/2023\/03\/Screenshot_20230301-081255_WhatsApp-768x646.jpg 768w\" sizes=\"(max-width: 973px) 100vw, 973px\" \/><img loading=\"lazy\" decoding=\"async\" class=\"alignnone size-full wp-image-16954\" src=\"https:\/\/embajadadepanamaenfrancia.fr\/wp-content\/uploads\/2023\/03\/Screenshot_20230301-081335_WhatsApp.jpg\" alt=\"\" width=\"1078\" height=\"819\" srcset=\"https:\/\/embajadadepanamaenfrancia.fr\/wp-content\/uploads\/2023\/03\/Screenshot_20230301-081335_WhatsApp.jpg 1078w, https:\/\/embajadadepanamaenfrancia.fr\/wp-content\/uploads\/2023\/03\/Screenshot_20230301-081335_WhatsApp-300x228.jpg 300w, https:\/\/embajadadepanamaenfrancia.fr\/wp-content\/uploads\/2023\/03\/Screenshot_20230301-081335_WhatsApp-1024x778.jpg 1024w, https:\/\/embajadadepanamaenfrancia.fr\/wp-content\/uploads\/2023\/03\/Screenshot_20230301-081335_WhatsApp-768x583.jpg 768w\" sizes=\"(max-width: 1078px) 100vw, 1078px\" \/><img loading=\"lazy\" decoding=\"async\" class=\"alignnone size-full wp-image-16958\" src=\"https:\/\/embajadadepanamaenfrancia.fr\/wp-content\/uploads\/2023\/03\/Screenshot_20230301-081438_WhatsApp.jpg\" alt=\"\" width=\"895\" height=\"497\" srcset=\"https:\/\/embajadadepanamaenfrancia.fr\/wp-content\/uploads\/2023\/03\/Screenshot_20230301-081438_WhatsApp.jpg 895w, https:\/\/embajadadepanamaenfrancia.fr\/wp-content\/uploads\/2023\/03\/Screenshot_20230301-081438_WhatsApp-300x167.jpg 300w, https:\/\/embajadadepanamaenfrancia.fr\/wp-content\/uploads\/2023\/03\/Screenshot_20230301-081438_WhatsApp-768x426.jpg 768w\" sizes=\"(max-width: 895px) 100vw, 895px\" \/>Nous avons \u00e9t\u00e9 chaleureusement accueillis par les \u00e9l\u00e8ves et les professeurs, notamment notre compatriote Damaris Rosse, du Coll\u00e8ge Saint Louis, situ\u00e9 au Mans.<\/p>\n<p>&nbsp;<\/p>\n<p>SE Issamary S\u00e1nchez s&rsquo;est entretenu avec un groupe d&rsquo;\u00e9tudiants qui se rendront au Panama pour un \u00e9change acad\u00e9mique avec des \u00e9tudiants et des centres de notre pays, o\u00f9 il a parl\u00e9 de l&rsquo;histoire, de la culture, du tourisme et du commerce de \ud83c\uddf5\ud83c\udde6.<\/p>\n<p>&nbsp;<\/p>\n<p>De leur c\u00f4t\u00e9, les \u00e9l\u00e8ves ont r\u00e9cit\u00e9 de la po\u00e9sie panam\u00e9enne et dans\u00e9 au rythme de \u00ab\u00a0T\u00edo Caim\u00e1n\u00a0\u00bb.<\/p>\n<p>&nbsp;<\/p>\n<p>#elverdaderolibrodepanama<\/p>\n<p>#panamenfrance<\/p>\n<p>#unidoslohacemos<img loading=\"lazy\" decoding=\"async\" class=\"alignnone size-full wp-image-16956\" src=\"https:\/\/embajadadepanamaenfrancia.fr\/wp-content\/uploads\/2023\/03\/Screenshot_20230301-083121_WhatsApp.jpg\" alt=\"\" width=\"1078\" height=\"500\" srcset=\"https:\/\/embajadadepanamaenfrancia.fr\/wp-content\/uploads\/2023\/03\/Screenshot_20230301-083121_WhatsApp.jpg 1078w, https:\/\/embajadadepanamaenfrancia.fr\/wp-content\/uploads\/2023\/03\/Screenshot_20230301-083121_WhatsApp-300x139.jpg 300w, https:\/\/embajadadepanamaenfrancia.fr\/wp-content\/uploads\/2023\/03\/Screenshot_20230301-083121_WhatsApp-1024x475.jpg 1024w, https:\/\/embajadadepanamaenfrancia.fr\/wp-content\/uploads\/2023\/03\/Screenshot_20230301-083121_WhatsApp-768x356.jpg 768w\" sizes=\"(max-width: 1078px) 100vw, 1078px\" \/><\/p>\n","protected":false},"excerpt":{"rendered":"<p>Nous avons \u00e9t\u00e9 chaleureusement accueillis par les \u00e9l\u00e8ves et les professeurs, notamment notre compatriote Damaris Rosse, du Coll\u00e8ge Saint Louis, situ\u00e9 au Mans. &nbsp; SE Issamary S\u00e1nchez s&rsquo;est entretenu avec un groupe d&rsquo;\u00e9tudiants qui se rendront au Panama pour un \u00e9change acad\u00e9mique avec des \u00e9tudiants et des centres de notre pays, o\u00f9 il a parl\u00e9 [&hellip;]<\/p>\n","protected":false},"author":6,"featured_media":16950,"comment_status":"open","ping_status":"open","sticky":false,"template":"","format":"standard","meta":{"_et_pb_use_builder":"","_et_pb_old_content":"","_et_gb_content_width":"","footnotes":""},"categories":[13,36],"tags":[],"class_list":["post-16982","post","type-post","status-publish","format-standard","has-post-thumbnail","hentry","category-actualites","category-couverture","et-has-post-format-content","et_post_format-et-post-format-standard"],"yoast_head":"<!-- This site is optimized with the Yoast SEO plugin v23.6 - https:\/\/yoast.com\/wordpress\/plugins\/seo\/ -->\n<title>\u00c9change acad\u00e9mique, Coll\u00e8ge Saint Louis. - Embajada de Panam\u00e1 en Francia - Ambassade du Panama en France<\/title>\n<meta name=\"robots\" content=\"index, follow, max-snippet:-1, max-image-preview:large, max-video-preview:-1\" \/>\n<link rel=\"canonical\" href=\"https:\/\/embajadadepanamaenfrancia.fr\/fr\/16982\/\" \/>\n<meta property=\"og:locale\" content=\"fr_FR\" \/>\n<meta property=\"og:type\" content=\"article\" \/>\n<meta property=\"og:title\" content=\"\u00c9change acad\u00e9mique, Coll\u00e8ge Saint Louis. - Embajada de Panam\u00e1 en Francia - Ambassade du Panama en France\" \/>\n<meta property=\"og:description\" content=\"Nous avons \u00e9t\u00e9 chaleureusement accueillis par les \u00e9l\u00e8ves et les professeurs, notamment notre compatriote Damaris Rosse, du Coll\u00e8ge Saint Louis, situ\u00e9 au Mans. &nbsp; SE Issamary S\u00e1nchez s&rsquo;est entretenu avec un groupe d&rsquo;\u00e9tudiants qui se rendront au Panama pour un \u00e9change acad\u00e9mique avec des \u00e9tudiants et des centres de notre pays, o\u00f9 il a parl\u00e9 [&hellip;]\" \/>\n<meta property=\"og:url\" content=\"https:\/\/embajadadepanamaenfrancia.fr\/fr\/16982\/\" \/>\n<meta property=\"og:site_name\" content=\"Embajada de Panam\u00e1 en Francia - Ambassade du Panama en France\" \/>\n<meta property=\"article:author\" content=\"https:\/\/www.facebook.com\/EmbajadadePanamaenFrancia\" \/>\n<meta property=\"article:published_time\" content=\"2023-03-03T10:10:07+00:00\" \/>\n<meta property=\"article:modified_time\" content=\"2023-03-03T10:20:04+00:00\" \/>\n<meta property=\"og:image\" content=\"https:\/\/embajadadepanamaenfrancia.fr\/wp-content\/uploads\/2023\/03\/Screenshot_20230301-081228_WhatsApp.jpg\" \/>\n\t<meta property=\"og:image:width\" content=\"898\" \/>\n\t<meta property=\"og:image:height\" content=\"708\" \/>\n\t<meta property=\"og:image:type\" content=\"image\/jpeg\" \/>\n<meta name=\"author\" content=\"Edgardo Pitti\" \/>\n<meta name=\"twitter:card\" content=\"summary_large_image\" \/>\n<meta name=\"twitter:creator\" content=\"@embpanamafra\" \/>\n<meta name=\"twitter:label1\" content=\"\u00c9crit par\" \/>\n\t<meta name=\"twitter:data1\" content=\"Edgardo Pitti\" \/>\n\t<meta name=\"twitter:label2\" content=\"Dur\u00e9e de lecture estim\u00e9e\" \/>\n\t<meta name=\"twitter:data2\" content=\"2 minutes\" \/>\n<script type=\"application\/ld+json\" class=\"yoast-schema-graph\">{\"@context\":\"https:\/\/schema.org\",\"@graph\":[{\"@type\":\"WebPage\",\"@id\":\"https:\/\/embajadadepanamaenfrancia.fr\/fr\/16982\/\",\"url\":\"https:\/\/embajadadepanamaenfrancia.fr\/fr\/16982\/\",\"name\":\"\u00c9change acad\u00e9mique, Coll\u00e8ge Saint Louis. - Embajada de Panam\u00e1 en Francia - Ambassade du Panama en France\",\"isPartOf\":{\"@id\":\"https:\/\/embajadadepanamaenfrancia.fr\/fr\/#website\"},\"primaryImageOfPage\":{\"@id\":\"https:\/\/embajadadepanamaenfrancia.fr\/fr\/16982\/#primaryimage\"},\"image\":{\"@id\":\"https:\/\/embajadadepanamaenfrancia.fr\/fr\/16982\/#primaryimage\"},\"thumbnailUrl\":\"https:\/\/embajadadepanamaenfrancia.fr\/wp-content\/uploads\/2023\/03\/Screenshot_20230301-081228_WhatsApp.jpg\",\"datePublished\":\"2023-03-03T10:10:07+00:00\",\"dateModified\":\"2023-03-03T10:20:04+00:00\",\"author\":{\"@id\":\"https:\/\/embajadadepanamaenfrancia.fr\/fr\/#\/schema\/person\/c9c6e25fbace3e960b96a3f809ba7d3c\"},\"breadcrumb\":{\"@id\":\"https:\/\/embajadadepanamaenfrancia.fr\/fr\/16982\/#breadcrumb\"},\"inLanguage\":\"fr-FR\",\"potentialAction\":[{\"@type\":\"ReadAction\",\"target\":[\"https:\/\/embajadadepanamaenfrancia.fr\/fr\/16982\/\"]}]},{\"@type\":\"ImageObject\",\"inLanguage\":\"fr-FR\",\"@id\":\"https:\/\/embajadadepanamaenfrancia.fr\/fr\/16982\/#primaryimage\",\"url\":\"https:\/\/embajadadepanamaenfrancia.fr\/wp-content\/uploads\/2023\/03\/Screenshot_20230301-081228_WhatsApp.jpg\",\"contentUrl\":\"https:\/\/embajadadepanamaenfrancia.fr\/wp-content\/uploads\/2023\/03\/Screenshot_20230301-081228_WhatsApp.jpg\",\"width\":898,\"height\":708},{\"@type\":\"BreadcrumbList\",\"@id\":\"https:\/\/embajadadepanamaenfrancia.fr\/fr\/16982\/#breadcrumb\",\"itemListElement\":[{\"@type\":\"ListItem\",\"position\":1,\"name\":\"Portada\",\"item\":\"https:\/\/embajadadepanamaenfrancia.fr\/fr\/\"},{\"@type\":\"ListItem\",\"position\":2,\"name\":\"\u00c9change acad\u00e9mique, Coll\u00e8ge Saint Louis.\"}]},{\"@type\":\"WebSite\",\"@id\":\"https:\/\/embajadadepanamaenfrancia.fr\/fr\/#website\",\"url\":\"https:\/\/embajadadepanamaenfrancia.fr\/fr\/\",\"name\":\"Embajada de Panam\u00e1 en Francia - Ambassade du Panama en France\",\"description\":\"Bienvenido al sitio de la Embajada de Panam\u00e1 en Francia - Bienvenu \u00e0 l&#039;Ambassade du Panama en France\",\"potentialAction\":[{\"@type\":\"SearchAction\",\"target\":{\"@type\":\"EntryPoint\",\"urlTemplate\":\"https:\/\/embajadadepanamaenfrancia.fr\/fr\/?s={search_term_string}\"},\"query-input\":{\"@type\":\"PropertyValueSpecification\",\"valueRequired\":true,\"valueName\":\"search_term_string\"}}],\"inLanguage\":\"fr-FR\"},{\"@type\":\"Person\",\"@id\":\"https:\/\/embajadadepanamaenfrancia.fr\/fr\/#\/schema\/person\/c9c6e25fbace3e960b96a3f809ba7d3c\",\"name\":\"Edgardo Pitti\",\"sameAs\":[\"https:\/\/www.facebook.com\/EmbajadadePanamaenFrancia\",\"https:\/\/www.instagram.com\/embpanamafra\/\",\"https:\/\/x.com\/embpanamafra\"],\"url\":\"https:\/\/embajadadepanamaenfrancia.fr\/fr\/author\/edgardo-pitti\/\"}]}<\/script>\n<!-- \/ Yoast SEO plugin. -->","yoast_head_json":{"title":"\u00c9change acad\u00e9mique, Coll\u00e8ge Saint Louis. - Embajada de Panam\u00e1 en Francia - Ambassade du Panama en France","robots":{"index":"index","follow":"follow","max-snippet":"max-snippet:-1","max-image-preview":"max-image-preview:large","max-video-preview":"max-video-preview:-1"},"canonical":"https:\/\/embajadadepanamaenfrancia.fr\/fr\/16982\/","og_locale":"fr_FR","og_type":"article","og_title":"\u00c9change acad\u00e9mique, Coll\u00e8ge Saint Louis. - Embajada de Panam\u00e1 en Francia - Ambassade du Panama en France","og_description":"Nous avons \u00e9t\u00e9 chaleureusement accueillis par les \u00e9l\u00e8ves et les professeurs, notamment notre compatriote Damaris Rosse, du Coll\u00e8ge Saint Louis, situ\u00e9 au Mans. &nbsp; SE Issamary S\u00e1nchez s&rsquo;est entretenu avec un groupe d&rsquo;\u00e9tudiants qui se rendront au Panama pour un \u00e9change acad\u00e9mique avec des \u00e9tudiants et des centres de notre pays, o\u00f9 il a parl\u00e9 [&hellip;]","og_url":"https:\/\/embajadadepanamaenfrancia.fr\/fr\/16982\/","og_site_name":"Embajada de Panam\u00e1 en Francia - Ambassade du Panama en France","article_author":"https:\/\/www.facebook.com\/EmbajadadePanamaenFrancia","article_published_time":"2023-03-03T10:10:07+00:00","article_modified_time":"2023-03-03T10:20:04+00:00","og_image":[{"width":898,"height":708,"url":"https:\/\/embajadadepanamaenfrancia.fr\/wp-content\/uploads\/2023\/03\/Screenshot_20230301-081228_WhatsApp.jpg","type":"image\/jpeg"}],"author":"Edgardo Pitti","twitter_card":"summary_large_image","twitter_creator":"@embpanamafra","twitter_misc":{"\u00c9crit par":"Edgardo Pitti","Dur\u00e9e de lecture estim\u00e9e":"2 minutes"},"schema":{"@context":"https:\/\/schema.org","@graph":[{"@type":"WebPage","@id":"https:\/\/embajadadepanamaenfrancia.fr\/fr\/16982\/","url":"https:\/\/embajadadepanamaenfrancia.fr\/fr\/16982\/","name":"\u00c9change acad\u00e9mique, Coll\u00e8ge Saint Louis. - Embajada de Panam\u00e1 en Francia - Ambassade du Panama en France","isPartOf":{"@id":"https:\/\/embajadadepanamaenfrancia.fr\/fr\/#website"},"primaryImageOfPage":{"@id":"https:\/\/embajadadepanamaenfrancia.fr\/fr\/16982\/#primaryimage"},"image":{"@id":"https:\/\/embajadadepanamaenfrancia.fr\/fr\/16982\/#primaryimage"},"thumbnailUrl":"https:\/\/embajadadepanamaenfrancia.fr\/wp-content\/uploads\/2023\/03\/Screenshot_20230301-081228_WhatsApp.jpg","datePublished":"2023-03-03T10:10:07+00:00","dateModified":"2023-03-03T10:20:04+00:00","author":{"@id":"https:\/\/embajadadepanamaenfrancia.fr\/fr\/#\/schema\/person\/c9c6e25fbace3e960b96a3f809ba7d3c"},"breadcrumb":{"@id":"https:\/\/embajadadepanamaenfrancia.fr\/fr\/16982\/#breadcrumb"},"inLanguage":"fr-FR","potentialAction":[{"@type":"ReadAction","target":["https:\/\/embajadadepanamaenfrancia.fr\/fr\/16982\/"]}]},{"@type":"ImageObject","inLanguage":"fr-FR","@id":"https:\/\/embajadadepanamaenfrancia.fr\/fr\/16982\/#primaryimage","url":"https:\/\/embajadadepanamaenfrancia.fr\/wp-content\/uploads\/2023\/03\/Screenshot_20230301-081228_WhatsApp.jpg","contentUrl":"https:\/\/embajadadepanamaenfrancia.fr\/wp-content\/uploads\/2023\/03\/Screenshot_20230301-081228_WhatsApp.jpg","width":898,"height":708},{"@type":"BreadcrumbList","@id":"https:\/\/embajadadepanamaenfrancia.fr\/fr\/16982\/#breadcrumb","itemListElement":[{"@type":"ListItem","position":1,"name":"Portada","item":"https:\/\/embajadadepanamaenfrancia.fr\/fr\/"},{"@type":"ListItem","position":2,"name":"\u00c9change acad\u00e9mique, Coll\u00e8ge Saint Louis."}]},{"@type":"WebSite","@id":"https:\/\/embajadadepanamaenfrancia.fr\/fr\/#website","url":"https:\/\/embajadadepanamaenfrancia.fr\/fr\/","name":"Embajada de Panam\u00e1 en Francia - Ambassade du Panama en France","description":"Bienvenido al sitio de la Embajada de Panam\u00e1 en Francia - Bienvenu \u00e0 l&#039;Ambassade du Panama en France","potentialAction":[{"@type":"SearchAction","target":{"@type":"EntryPoint","urlTemplate":"https:\/\/embajadadepanamaenfrancia.fr\/fr\/?s={search_term_string}"},"query-input":{"@type":"PropertyValueSpecification","valueRequired":true,"valueName":"search_term_string"}}],"inLanguage":"fr-FR"},{"@type":"Person","@id":"https:\/\/embajadadepanamaenfrancia.fr\/fr\/#\/schema\/person\/c9c6e25fbace3e960b96a3f809ba7d3c","name":"Edgardo Pitti","sameAs":["https:\/\/www.facebook.com\/EmbajadadePanamaenFrancia","https:\/\/www.instagram.com\/embpanamafra\/","https:\/\/x.com\/embpanamafra"],"url":"https:\/\/embajadadepanamaenfrancia.fr\/fr\/author\/edgardo-pitti\/"}]}},"_links":{"self":[{"href":"https:\/\/embajadadepanamaenfrancia.fr\/fr\/wp-json\/wp\/v2\/posts\/16982"}],"collection":[{"href":"https:\/\/embajadadepanamaenfrancia.fr\/fr\/wp-json\/wp\/v2\/posts"}],"about":[{"href":"https:\/\/embajadadepanamaenfrancia.fr\/fr\/wp-json\/wp\/v2\/types\/post"}],"author":[{"embeddable":true,"href":"https:\/\/embajadadepanamaenfrancia.fr\/fr\/wp-json\/wp\/v2\/users\/6"}],"replies":[{"embeddable":true,"href":"https:\/\/embajadadepanamaenfrancia.fr\/fr\/wp-json\/wp\/v2\/comments?post=16982"}],"version-history":[{"count":4,"href":"https:\/\/embajadadepanamaenfrancia.fr\/fr\/wp-json\/wp\/v2\/posts\/16982\/revisions"}],"predecessor-version":[{"id":16991,"href":"https:\/\/embajadadepanamaenfrancia.fr\/fr\/wp-json\/wp\/v2\/posts\/16982\/revisions\/16991"}],"wp:featuredmedia":[{"embeddable":true,"href":"https:\/\/embajadadepanamaenfrancia.fr\/fr\/wp-json\/wp\/v2\/media\/16950"}],"wp:attachment":[{"href":"https:\/\/embajadadepanamaenfrancia.fr\/fr\/wp-json\/wp\/v2\/media?parent=16982"}],"wp:term":[{"taxonomy":"category","embeddable":true,"href":"https:\/\/embajadadepanamaenfrancia.fr\/fr\/wp-json\/wp\/v2\/categories?post=16982"},{"taxonomy":"post_tag","embeddable":true,"href":"https:\/\/embajadadepanamaenfrancia.fr\/fr\/wp-json\/wp\/v2\/tags?post=16982"}],"curies":[{"name":"wp","href":"https:\/\/api.w.org\/{rel}","templated":true}]}}