{"id":18881,"date":"2024-05-10T14:14:33","date_gmt":"2024-05-10T12:14:33","guid":{"rendered":"https:\/\/embajadadepanamaenfrancia.fr\/?p=18881"},"modified":"2024-05-10T14:14:56","modified_gmt":"2024-05-10T12:14:56","slug":"reconnaissance-de-se-issamary-sanchez","status":"publish","type":"post","link":"https:\/\/embajadadepanamaenfrancia.fr\/fr\/reconnaissance-de-se-issamary-sanchez\/","title":{"rendered":"Reconnaissance de SE Issamary S\u00e1nchez."},"content":{"rendered":"<pre id=\"tw-target-text\" class=\"tw-data-text tw-text-large JgzqYd RES9jf tw-ta\" dir=\"ltr\" style=\"max-height: 999999px; font-family: inherit; font-size: 24px; line-height: 28px; color: var(--ylnnhc); background-color: #f8f9fa; border: none; padding: 10px 0.14em 10px 0px; position: relative; margin-top: -10px; margin-bottom: -10px; resize: none; overflow: hidden; width: 380.19px; text-wrap: wrap; overflow-wrap: break-word;\" data-placeholder=\"Traducci\u00f3n\" aria-label=\"Texto traducido\" data-ved=\"2ahUKEwibtZKt84GGAxX9BNsEHeeeBJIQ3ewLegQIAxAV\"><span lang=\"fr\">SE<\/span><span class=\"Y2IQFc\" lang=\"fr\" style=\"max-height: 999999px;\"> Issamary S\u00e1nchez a re\u00e7u d'Erich Auerbach, Directeur de l'Information et des Relations Publiques de notre Minist\u00e8re des Affaires \u00c9trang\u00e8res, un Certificat de reconnaissance en tant qu'agent de liaison en communication et responsable des m\u00e9dias sociaux entre les Missions \u00e0 l'\u00e9tranger et la Direction de l'Information et des Relations Publiques ; en attention \u00e0 la transparence et \u00e0 la gouvernance d'entreprise dans le secteur public qui a caract\u00e9ris\u00e9 sa gestion en tant qu'ambassadrice du Panama en France.<\/span><\/pre>\n","protected":false},"excerpt":{"rendered":"<p>SE Issamary S\u00e1nchez a re\u00e7u d&rsquo;Erich Auerbach, Directeur de l&rsquo;Information et des Relations Publiques de notre Minist\u00e8re des Affaires \u00c9trang\u00e8res, un Certificat de reconnaissance en tant qu&rsquo;agent de liaison en communication et responsable des m\u00e9dias sociaux entre les Missions \u00e0 l&rsquo;\u00e9tranger et la Direction de l&rsquo;Information et des Relations Publiques ; en attention \u00e0 la [&hellip;]<\/p>\n","protected":false},"author":6,"featured_media":18879,"comment_status":"closed","ping_status":"closed","sticky":false,"template":"","format":"standard","meta":{"_et_pb_use_builder":"","_et_pb_old_content":"","_et_gb_content_width":"","footnotes":""},"categories":[114],"tags":[],"class_list":["post-18881","post","type-post","status-publish","format-standard","has-post-thumbnail","hentry","category-efficacite-et-transparence-fr","et-has-post-format-content","et_post_format-et-post-format-standard"],"yoast_head":"<!-- This site is optimized with the Yoast SEO plugin v23.6 - https:\/\/yoast.com\/wordpress\/plugins\/seo\/ -->\n<title>Reconnaissance de SE Issamary S\u00e1nchez. - Embajada de Panam\u00e1 en Francia - Ambassade du Panama en France<\/title>\n<meta name=\"robots\" content=\"index, follow, max-snippet:-1, max-image-preview:large, max-video-preview:-1\" \/>\n<link rel=\"canonical\" href=\"https:\/\/embajadadepanamaenfrancia.fr\/fr\/reconnaissance-de-se-issamary-sanchez\/\" \/>\n<meta property=\"og:locale\" content=\"fr_FR\" \/>\n<meta property=\"og:type\" content=\"article\" \/>\n<meta property=\"og:title\" content=\"Reconnaissance de SE Issamary S\u00e1nchez. - Embajada de Panam\u00e1 en Francia - Ambassade du Panama en France\" \/>\n<meta property=\"og:description\" content=\"SE Issamary S\u00e1nchez a re\u00e7u d&#039;Erich Auerbach, Directeur de l&#039;Information et des Relations Publiques de notre Minist\u00e8re des Affaires \u00c9trang\u00e8res, un Certificat de reconnaissance en tant qu&#039;agent de liaison en communication et responsable des m\u00e9dias sociaux entre les Missions \u00e0 l&#039;\u00e9tranger et la Direction de l&#039;Information et des Relations Publiques ; en attention \u00e0 la [&hellip;]\" \/>\n<meta property=\"og:url\" content=\"https:\/\/embajadadepanamaenfrancia.fr\/fr\/reconnaissance-de-se-issamary-sanchez\/\" \/>\n<meta property=\"og:site_name\" content=\"Embajada de Panam\u00e1 en Francia - Ambassade du Panama en France\" \/>\n<meta property=\"article:author\" content=\"https:\/\/www.facebook.com\/EmbajadadePanamaenFrancia\" \/>\n<meta property=\"article:published_time\" content=\"2024-05-10T12:14:33+00:00\" \/>\n<meta property=\"article:modified_time\" content=\"2024-05-10T12:14:56+00:00\" \/>\n<meta property=\"og:image\" content=\"http:\/\/embajadadepanamaenfrancia.fr\/wp-content\/uploads\/2024\/05\/Screenshot_20240510_030236_CamScanner.jpg\" \/>\n\t<meta property=\"og:image:width\" content=\"1080\" \/>\n\t<meta property=\"og:image:height\" content=\"840\" \/>\n\t<meta property=\"og:image:type\" content=\"image\/jpeg\" \/>\n<meta name=\"author\" content=\"Edgardo Pitti\" \/>\n<meta name=\"twitter:card\" content=\"summary_large_image\" \/>\n<meta name=\"twitter:creator\" content=\"@embpanamafra\" \/>\n<meta name=\"twitter:label1\" content=\"\u00c9crit par\" \/>\n\t<meta name=\"twitter:data1\" content=\"Edgardo Pitti\" \/>\n<script type=\"application\/ld+json\" class=\"yoast-schema-graph\">{\"@context\":\"https:\/\/schema.org\",\"@graph\":[{\"@type\":\"WebPage\",\"@id\":\"https:\/\/embajadadepanamaenfrancia.fr\/fr\/reconnaissance-de-se-issamary-sanchez\/\",\"url\":\"https:\/\/embajadadepanamaenfrancia.fr\/fr\/reconnaissance-de-se-issamary-sanchez\/\",\"name\":\"Reconnaissance de SE Issamary S\u00e1nchez. - Embajada de Panam\u00e1 en Francia - Ambassade du Panama en France\",\"isPartOf\":{\"@id\":\"https:\/\/embajadadepanamaenfrancia.fr\/fr\/#website\"},\"primaryImageOfPage\":{\"@id\":\"https:\/\/embajadadepanamaenfrancia.fr\/fr\/reconnaissance-de-se-issamary-sanchez\/#primaryimage\"},\"image\":{\"@id\":\"https:\/\/embajadadepanamaenfrancia.fr\/fr\/reconnaissance-de-se-issamary-sanchez\/#primaryimage\"},\"thumbnailUrl\":\"https:\/\/embajadadepanamaenfrancia.fr\/wp-content\/uploads\/2024\/05\/Screenshot_20240510_030236_CamScanner.jpg\",\"datePublished\":\"2024-05-10T12:14:33+00:00\",\"dateModified\":\"2024-05-10T12:14:56+00:00\",\"author\":{\"@id\":\"https:\/\/embajadadepanamaenfrancia.fr\/fr\/#\/schema\/person\/c9c6e25fbace3e960b96a3f809ba7d3c\"},\"breadcrumb\":{\"@id\":\"https:\/\/embajadadepanamaenfrancia.fr\/fr\/reconnaissance-de-se-issamary-sanchez\/#breadcrumb\"},\"inLanguage\":\"fr-FR\",\"potentialAction\":[{\"@type\":\"ReadAction\",\"target\":[\"https:\/\/embajadadepanamaenfrancia.fr\/fr\/reconnaissance-de-se-issamary-sanchez\/\"]}]},{\"@type\":\"ImageObject\",\"inLanguage\":\"fr-FR\",\"@id\":\"https:\/\/embajadadepanamaenfrancia.fr\/fr\/reconnaissance-de-se-issamary-sanchez\/#primaryimage\",\"url\":\"https:\/\/embajadadepanamaenfrancia.fr\/wp-content\/uploads\/2024\/05\/Screenshot_20240510_030236_CamScanner.jpg\",\"contentUrl\":\"https:\/\/embajadadepanamaenfrancia.fr\/wp-content\/uploads\/2024\/05\/Screenshot_20240510_030236_CamScanner.jpg\",\"width\":1080,\"height\":840},{\"@type\":\"BreadcrumbList\",\"@id\":\"https:\/\/embajadadepanamaenfrancia.fr\/fr\/reconnaissance-de-se-issamary-sanchez\/#breadcrumb\",\"itemListElement\":[{\"@type\":\"ListItem\",\"position\":1,\"name\":\"Portada\",\"item\":\"https:\/\/embajadadepanamaenfrancia.fr\/fr\/\"},{\"@type\":\"ListItem\",\"position\":2,\"name\":\"Reconnaissance de SE Issamary S\u00e1nchez.\"}]},{\"@type\":\"WebSite\",\"@id\":\"https:\/\/embajadadepanamaenfrancia.fr\/fr\/#website\",\"url\":\"https:\/\/embajadadepanamaenfrancia.fr\/fr\/\",\"name\":\"Embajada de Panam\u00e1 en Francia - Ambassade du Panama en France\",\"description\":\"Bienvenido al sitio de la Embajada de Panam\u00e1 en Francia - Bienvenu \u00e0 l&#039;Ambassade du Panama en France\",\"potentialAction\":[{\"@type\":\"SearchAction\",\"target\":{\"@type\":\"EntryPoint\",\"urlTemplate\":\"https:\/\/embajadadepanamaenfrancia.fr\/fr\/?s={search_term_string}\"},\"query-input\":{\"@type\":\"PropertyValueSpecification\",\"valueRequired\":true,\"valueName\":\"search_term_string\"}}],\"inLanguage\":\"fr-FR\"},{\"@type\":\"Person\",\"@id\":\"https:\/\/embajadadepanamaenfrancia.fr\/fr\/#\/schema\/person\/c9c6e25fbace3e960b96a3f809ba7d3c\",\"name\":\"Edgardo Pitti\",\"sameAs\":[\"https:\/\/www.facebook.com\/EmbajadadePanamaenFrancia\",\"https:\/\/www.instagram.com\/embpanamafra\/\",\"https:\/\/x.com\/embpanamafra\"],\"url\":\"https:\/\/embajadadepanamaenfrancia.fr\/fr\/author\/edgardo-pitti\/\"}]}<\/script>\n<!-- \/ Yoast SEO plugin. -->","yoast_head_json":{"title":"Reconnaissance de SE Issamary S\u00e1nchez. - Embajada de Panam\u00e1 en Francia - Ambassade du Panama en France","robots":{"index":"index","follow":"follow","max-snippet":"max-snippet:-1","max-image-preview":"max-image-preview:large","max-video-preview":"max-video-preview:-1"},"canonical":"https:\/\/embajadadepanamaenfrancia.fr\/fr\/reconnaissance-de-se-issamary-sanchez\/","og_locale":"fr_FR","og_type":"article","og_title":"Reconnaissance de SE Issamary S\u00e1nchez. - Embajada de Panam\u00e1 en Francia - Ambassade du Panama en France","og_description":"SE Issamary S\u00e1nchez a re\u00e7u d'Erich Auerbach, Directeur de l'Information et des Relations Publiques de notre Minist\u00e8re des Affaires \u00c9trang\u00e8res, un Certificat de reconnaissance en tant qu'agent de liaison en communication et responsable des m\u00e9dias sociaux entre les Missions \u00e0 l'\u00e9tranger et la Direction de l'Information et des Relations Publiques ; en attention \u00e0 la [&hellip;]","og_url":"https:\/\/embajadadepanamaenfrancia.fr\/fr\/reconnaissance-de-se-issamary-sanchez\/","og_site_name":"Embajada de Panam\u00e1 en Francia - Ambassade du Panama en France","article_author":"https:\/\/www.facebook.com\/EmbajadadePanamaenFrancia","article_published_time":"2024-05-10T12:14:33+00:00","article_modified_time":"2024-05-10T12:14:56+00:00","og_image":[{"width":1080,"height":840,"url":"http:\/\/embajadadepanamaenfrancia.fr\/wp-content\/uploads\/2024\/05\/Screenshot_20240510_030236_CamScanner.jpg","type":"image\/jpeg"}],"author":"Edgardo Pitti","twitter_card":"summary_large_image","twitter_creator":"@embpanamafra","twitter_misc":{"\u00c9crit par":"Edgardo Pitti"},"schema":{"@context":"https:\/\/schema.org","@graph":[{"@type":"WebPage","@id":"https:\/\/embajadadepanamaenfrancia.fr\/fr\/reconnaissance-de-se-issamary-sanchez\/","url":"https:\/\/embajadadepanamaenfrancia.fr\/fr\/reconnaissance-de-se-issamary-sanchez\/","name":"Reconnaissance de SE Issamary S\u00e1nchez. - Embajada de Panam\u00e1 en Francia - Ambassade du Panama en France","isPartOf":{"@id":"https:\/\/embajadadepanamaenfrancia.fr\/fr\/#website"},"primaryImageOfPage":{"@id":"https:\/\/embajadadepanamaenfrancia.fr\/fr\/reconnaissance-de-se-issamary-sanchez\/#primaryimage"},"image":{"@id":"https:\/\/embajadadepanamaenfrancia.fr\/fr\/reconnaissance-de-se-issamary-sanchez\/#primaryimage"},"thumbnailUrl":"https:\/\/embajadadepanamaenfrancia.fr\/wp-content\/uploads\/2024\/05\/Screenshot_20240510_030236_CamScanner.jpg","datePublished":"2024-05-10T12:14:33+00:00","dateModified":"2024-05-10T12:14:56+00:00","author":{"@id":"https:\/\/embajadadepanamaenfrancia.fr\/fr\/#\/schema\/person\/c9c6e25fbace3e960b96a3f809ba7d3c"},"breadcrumb":{"@id":"https:\/\/embajadadepanamaenfrancia.fr\/fr\/reconnaissance-de-se-issamary-sanchez\/#breadcrumb"},"inLanguage":"fr-FR","potentialAction":[{"@type":"ReadAction","target":["https:\/\/embajadadepanamaenfrancia.fr\/fr\/reconnaissance-de-se-issamary-sanchez\/"]}]},{"@type":"ImageObject","inLanguage":"fr-FR","@id":"https:\/\/embajadadepanamaenfrancia.fr\/fr\/reconnaissance-de-se-issamary-sanchez\/#primaryimage","url":"https:\/\/embajadadepanamaenfrancia.fr\/wp-content\/uploads\/2024\/05\/Screenshot_20240510_030236_CamScanner.jpg","contentUrl":"https:\/\/embajadadepanamaenfrancia.fr\/wp-content\/uploads\/2024\/05\/Screenshot_20240510_030236_CamScanner.jpg","width":1080,"height":840},{"@type":"BreadcrumbList","@id":"https:\/\/embajadadepanamaenfrancia.fr\/fr\/reconnaissance-de-se-issamary-sanchez\/#breadcrumb","itemListElement":[{"@type":"ListItem","position":1,"name":"Portada","item":"https:\/\/embajadadepanamaenfrancia.fr\/fr\/"},{"@type":"ListItem","position":2,"name":"Reconnaissance de SE Issamary S\u00e1nchez."}]},{"@type":"WebSite","@id":"https:\/\/embajadadepanamaenfrancia.fr\/fr\/#website","url":"https:\/\/embajadadepanamaenfrancia.fr\/fr\/","name":"Embajada de Panam\u00e1 en Francia - Ambassade du Panama en France","description":"Bienvenido al sitio de la Embajada de Panam\u00e1 en Francia - Bienvenu \u00e0 l&#039;Ambassade du Panama en France","potentialAction":[{"@type":"SearchAction","target":{"@type":"EntryPoint","urlTemplate":"https:\/\/embajadadepanamaenfrancia.fr\/fr\/?s={search_term_string}"},"query-input":{"@type":"PropertyValueSpecification","valueRequired":true,"valueName":"search_term_string"}}],"inLanguage":"fr-FR"},{"@type":"Person","@id":"https:\/\/embajadadepanamaenfrancia.fr\/fr\/#\/schema\/person\/c9c6e25fbace3e960b96a3f809ba7d3c","name":"Edgardo Pitti","sameAs":["https:\/\/www.facebook.com\/EmbajadadePanamaenFrancia","https:\/\/www.instagram.com\/embpanamafra\/","https:\/\/x.com\/embpanamafra"],"url":"https:\/\/embajadadepanamaenfrancia.fr\/fr\/author\/edgardo-pitti\/"}]}},"_links":{"self":[{"href":"https:\/\/embajadadepanamaenfrancia.fr\/fr\/wp-json\/wp\/v2\/posts\/18881"}],"collection":[{"href":"https:\/\/embajadadepanamaenfrancia.fr\/fr\/wp-json\/wp\/v2\/posts"}],"about":[{"href":"https:\/\/embajadadepanamaenfrancia.fr\/fr\/wp-json\/wp\/v2\/types\/post"}],"author":[{"embeddable":true,"href":"https:\/\/embajadadepanamaenfrancia.fr\/fr\/wp-json\/wp\/v2\/users\/6"}],"replies":[{"embeddable":true,"href":"https:\/\/embajadadepanamaenfrancia.fr\/fr\/wp-json\/wp\/v2\/comments?post=18881"}],"version-history":[{"count":2,"href":"https:\/\/embajadadepanamaenfrancia.fr\/fr\/wp-json\/wp\/v2\/posts\/18881\/revisions"}],"predecessor-version":[{"id":18883,"href":"https:\/\/embajadadepanamaenfrancia.fr\/fr\/wp-json\/wp\/v2\/posts\/18881\/revisions\/18883"}],"wp:featuredmedia":[{"embeddable":true,"href":"https:\/\/embajadadepanamaenfrancia.fr\/fr\/wp-json\/wp\/v2\/media\/18879"}],"wp:attachment":[{"href":"https:\/\/embajadadepanamaenfrancia.fr\/fr\/wp-json\/wp\/v2\/media?parent=18881"}],"wp:term":[{"taxonomy":"category","embeddable":true,"href":"https:\/\/embajadadepanamaenfrancia.fr\/fr\/wp-json\/wp\/v2\/categories?post=18881"},{"taxonomy":"post_tag","embeddable":true,"href":"https:\/\/embajadadepanamaenfrancia.fr\/fr\/wp-json\/wp\/v2\/tags?post=18881"}],"curies":[{"name":"wp","href":"https:\/\/api.w.org\/{rel}","templated":true}]}}