{"id":2581,"date":"2016-06-14T17:41:35","date_gmt":"2016-06-14T15:41:35","guid":{"rendered":"https:\/\/2020.embajadadepanamaenfrancia.fr\/ciudad-de-panama-es-designada-capital-iberoamericana-de-cultura-2019-2\/"},"modified":"2016-06-15T17:05:57","modified_gmt":"2016-06-15T15:05:57","slug":"panama-city-choisie-comme-capitale-ibero-americaine-de-la-culture-2019","status":"publish","type":"post","link":"https:\/\/embajadadepanamaenfrancia.fr\/fr\/panama-city-choisie-comme-capitale-ibero-americaine-de-la-culture-2019\/","title":{"rendered":"Panama City choisie comme capitale ib\u00e9ro am\u00e9ricaine de la culture 2019"},"content":{"rendered":"<p><iframe loading=\"lazy\" width=\"1080\" height=\"608\" src=\"https:\/\/www.youtube.com\/embed\/Y5yf3O-6MzA?feature=oembed\" frameborder=\"0\" allowfullscreen><\/iframe><\/p>\n<p style=\"text-align: left;\"><a href=\"http:\/\/www.prensa.com\/cultura\/Ciudad-Panama-Capital-Iberoamericana-Cultura_0_4505549585.html\" target=\"_blank\">Par Jos\u00e9 Isabel Blandon, La Prensa<\/a><\/p>\n<p style=\"text-align: justify;\">La s\u00e9lection s\u2019est faite lors de la XVII Assembl\u00e9e de l\u2019UCCI (Union des Villes Capitales Ib\u00e9ro am\u00e9ricaines) qui se tient tous les deux ans et qui a eu lieu cette ann\u00e9e les 13 et 14 juin.<\/p>\n<p style=\"text-align: justify;\"><strong>Panama City<\/strong> a \u00e9t\u00e9 choisie le lundi 13 juin, \u00e0 l\u2019Assembl\u00e9e Pl\u00e9ni\u00e8re de l\u2019UCCI, comme la prochaine <strong>capitale ib\u00e9ro am\u00e9ricaine de la culture pour l\u2019ann\u00e9e 2019.<\/strong><\/p>\n<p style=\"text-align: justify;\">Le 15 ao\u00fbt 2019, Panama City f\u00eatera ses 500 ans. C\u2019est pour cette raison que la Mairie et la Commission des 500 ans de Fondation r\u00e9aliseront pendant les quatre ann\u00e9es pr\u00e9c\u00e9dant l\u2019anniversaire des activit\u00e9s d\u2019int\u00e9r\u00eat social, historique et culturel.\u00a0Ces actions visent \u00e0 amener la communaut\u00e9 \u00e0 \u00e9veiller les consciences sur l\u2019importance historique, sociale et culturelle de cet anniversaire.\u00a0Le titre de Capital Ib\u00e9ro am\u00e9ricaine de la Culture est d\u00e9cern\u00e9 par l\u2019UCCI chaque ann\u00e9e, qui choisit la ville parmi celles qui se pr\u00e9sentent.<\/p>\n<p>L\u2019UCCI est une association internationale, sans but lucratif, qui regroupe 30 villes ib\u00e9ro am\u00e9ricaines : les capitales et autres grandes villes du continent am\u00e9ricain, d\u2019Andorre, du Portugal et d\u2019Espagne.<\/p>\n<p style=\"text-align: justify;\">Fond\u00e9e en octobre 1982, elle cherche \u00e0 encourager les liens, relations et \u00e9changes de tout type entre les villes capitales ib\u00e9ro am\u00e9ricaines ; promouvoir le d\u00e9veloppement harmonieux et \u00e9quilibr\u00e9 de ces derni\u00e8res et veiller \u00e0 la solidarit\u00e9 et \u00e0 la coop\u00e9ration entre elles.<\/p>\n","protected":false},"excerpt":{"rendered":"<p>Par Jos\u00e9 Isabel Blandon, La Prensa La s\u00e9lection s\u2019est faite lors de la XVII Assembl\u00e9e de l\u2019UCCI (Union des Villes Capitales Ib\u00e9ro am\u00e9ricaines) qui se tient tous les deux ans et qui a eu lieu cette ann\u00e9e les 13 et 14 juin. Panama City a \u00e9t\u00e9 choisie le lundi 13 juin, \u00e0 l\u2019Assembl\u00e9e Pl\u00e9ni\u00e8re de [&hellip;]<\/p>\n","protected":false},"author":4,"featured_media":2570,"comment_status":"closed","ping_status":"closed","sticky":false,"template":"","format":"standard","meta":{"_et_pb_use_builder":"","_et_pb_old_content":"","_et_gb_content_width":"","footnotes":""},"categories":[33],"tags":[],"class_list":["post-2581","post","type-post","status-publish","format-standard","has-post-thumbnail","hentry","category-culture","et-has-post-format-content","et_post_format-et-post-format-standard"],"yoast_head":"<!-- This site is optimized with the Yoast SEO plugin v23.6 - https:\/\/yoast.com\/wordpress\/plugins\/seo\/ -->\n<title>Panama City choisie comme capitale ib\u00e9ro am\u00e9ricaine de la culture 2019 - Embajada de Panam\u00e1 en Francia - Ambassade du Panama en France<\/title>\n<meta name=\"robots\" content=\"index, follow, max-snippet:-1, max-image-preview:large, max-video-preview:-1\" \/>\n<link rel=\"canonical\" href=\"https:\/\/embajadadepanamaenfrancia.fr\/fr\/panama-city-choisie-comme-capitale-ibero-americaine-de-la-culture-2019\/\" \/>\n<meta property=\"og:locale\" content=\"fr_FR\" \/>\n<meta property=\"og:type\" content=\"article\" \/>\n<meta property=\"og:title\" content=\"Panama City choisie comme capitale ib\u00e9ro am\u00e9ricaine de la culture 2019 - Embajada de Panam\u00e1 en Francia - Ambassade du Panama en France\" \/>\n<meta property=\"og:description\" content=\"Par Jos\u00e9 Isabel Blandon, La Prensa La s\u00e9lection s\u2019est faite lors de la XVII Assembl\u00e9e de l\u2019UCCI (Union des Villes Capitales Ib\u00e9ro am\u00e9ricaines) qui se tient tous les deux ans et qui a eu lieu cette ann\u00e9e les 13 et 14 juin. Panama City a \u00e9t\u00e9 choisie le lundi 13 juin, \u00e0 l\u2019Assembl\u00e9e Pl\u00e9ni\u00e8re de [&hellip;]\" \/>\n<meta property=\"og:url\" content=\"https:\/\/embajadadepanamaenfrancia.fr\/fr\/panama-city-choisie-comme-capitale-ibero-americaine-de-la-culture-2019\/\" \/>\n<meta property=\"og:site_name\" content=\"Embajada de Panam\u00e1 en Francia - Ambassade du Panama en France\" \/>\n<meta property=\"article:published_time\" content=\"2016-06-14T15:41:35+00:00\" \/>\n<meta property=\"article:modified_time\" content=\"2016-06-15T15:05:57+00:00\" \/>\n<meta property=\"og:image\" content=\"https:\/\/embajadadepanamaenfrancia.fr\/wp-content\/uploads\/2016\/06\/panama5.jpg\" \/>\n\t<meta property=\"og:image:width\" content=\"1920\" \/>\n\t<meta property=\"og:image:height\" content=\"960\" \/>\n\t<meta property=\"og:image:type\" content=\"image\/jpeg\" \/>\n<meta name=\"author\" content=\"Embajada\" \/>\n<meta name=\"twitter:card\" content=\"summary_large_image\" \/>\n<meta name=\"twitter:label1\" content=\"\u00c9crit par\" \/>\n\t<meta name=\"twitter:data1\" content=\"Embajada\" \/>\n\t<meta name=\"twitter:label2\" content=\"Dur\u00e9e de lecture estim\u00e9e\" \/>\n\t<meta name=\"twitter:data2\" content=\"1 minute\" \/>\n<script type=\"application\/ld+json\" class=\"yoast-schema-graph\">{\"@context\":\"https:\/\/schema.org\",\"@graph\":[{\"@type\":\"WebPage\",\"@id\":\"https:\/\/embajadadepanamaenfrancia.fr\/fr\/panama-city-choisie-comme-capitale-ibero-americaine-de-la-culture-2019\/\",\"url\":\"https:\/\/embajadadepanamaenfrancia.fr\/fr\/panama-city-choisie-comme-capitale-ibero-americaine-de-la-culture-2019\/\",\"name\":\"Panama City choisie comme capitale ib\u00e9ro am\u00e9ricaine de la culture 2019 - Embajada de Panam\u00e1 en Francia - Ambassade du Panama en France\",\"isPartOf\":{\"@id\":\"https:\/\/embajadadepanamaenfrancia.fr\/fr\/#website\"},\"primaryImageOfPage\":{\"@id\":\"https:\/\/embajadadepanamaenfrancia.fr\/fr\/panama-city-choisie-comme-capitale-ibero-americaine-de-la-culture-2019\/#primaryimage\"},\"image\":{\"@id\":\"https:\/\/embajadadepanamaenfrancia.fr\/fr\/panama-city-choisie-comme-capitale-ibero-americaine-de-la-culture-2019\/#primaryimage\"},\"thumbnailUrl\":\"https:\/\/embajadadepanamaenfrancia.fr\/wp-content\/uploads\/2016\/06\/panama5.jpg\",\"datePublished\":\"2016-06-14T15:41:35+00:00\",\"dateModified\":\"2016-06-15T15:05:57+00:00\",\"author\":{\"@id\":\"https:\/\/embajadadepanamaenfrancia.fr\/fr\/#\/schema\/person\/9c07295aa54fa6c2c6ab7c7f500d4f64\"},\"breadcrumb\":{\"@id\":\"https:\/\/embajadadepanamaenfrancia.fr\/fr\/panama-city-choisie-comme-capitale-ibero-americaine-de-la-culture-2019\/#breadcrumb\"},\"inLanguage\":\"fr-FR\",\"potentialAction\":[{\"@type\":\"ReadAction\",\"target\":[\"https:\/\/embajadadepanamaenfrancia.fr\/fr\/panama-city-choisie-comme-capitale-ibero-americaine-de-la-culture-2019\/\"]}]},{\"@type\":\"ImageObject\",\"inLanguage\":\"fr-FR\",\"@id\":\"https:\/\/embajadadepanamaenfrancia.fr\/fr\/panama-city-choisie-comme-capitale-ibero-americaine-de-la-culture-2019\/#primaryimage\",\"url\":\"https:\/\/embajadadepanamaenfrancia.fr\/wp-content\/uploads\/2016\/06\/panama5.jpg\",\"contentUrl\":\"https:\/\/embajadadepanamaenfrancia.fr\/wp-content\/uploads\/2016\/06\/panama5.jpg\",\"width\":1920,\"height\":960},{\"@type\":\"BreadcrumbList\",\"@id\":\"https:\/\/embajadadepanamaenfrancia.fr\/fr\/panama-city-choisie-comme-capitale-ibero-americaine-de-la-culture-2019\/#breadcrumb\",\"itemListElement\":[{\"@type\":\"ListItem\",\"position\":1,\"name\":\"Portada\",\"item\":\"https:\/\/embajadadepanamaenfrancia.fr\/fr\/\"},{\"@type\":\"ListItem\",\"position\":2,\"name\":\"Panama City choisie comme capitale ib\u00e9ro am\u00e9ricaine de la culture 2019\"}]},{\"@type\":\"WebSite\",\"@id\":\"https:\/\/embajadadepanamaenfrancia.fr\/fr\/#website\",\"url\":\"https:\/\/embajadadepanamaenfrancia.fr\/fr\/\",\"name\":\"Embajada de Panam\u00e1 en Francia - Ambassade du Panama en France\",\"description\":\"Bienvenido al sitio de la Embajada de Panam\u00e1 en Francia - Bienvenu \u00e0 l&#039;Ambassade du Panama en France\",\"potentialAction\":[{\"@type\":\"SearchAction\",\"target\":{\"@type\":\"EntryPoint\",\"urlTemplate\":\"https:\/\/embajadadepanamaenfrancia.fr\/fr\/?s={search_term_string}\"},\"query-input\":{\"@type\":\"PropertyValueSpecification\",\"valueRequired\":true,\"valueName\":\"search_term_string\"}}],\"inLanguage\":\"fr-FR\"},{\"@type\":\"Person\",\"@id\":\"https:\/\/embajadadepanamaenfrancia.fr\/fr\/#\/schema\/person\/9c07295aa54fa6c2c6ab7c7f500d4f64\",\"name\":\"Embajada\",\"sameAs\":[\"http:\/\/0670114215\"],\"url\":\"https:\/\/embajadadepanamaenfrancia.fr\/fr\/author\/patagonia_torrijos\/\"}]}<\/script>\n<!-- \/ Yoast SEO plugin. -->","yoast_head_json":{"title":"Panama City choisie comme capitale ib\u00e9ro am\u00e9ricaine de la culture 2019 - Embajada de Panam\u00e1 en Francia - Ambassade du Panama en France","robots":{"index":"index","follow":"follow","max-snippet":"max-snippet:-1","max-image-preview":"max-image-preview:large","max-video-preview":"max-video-preview:-1"},"canonical":"https:\/\/embajadadepanamaenfrancia.fr\/fr\/panama-city-choisie-comme-capitale-ibero-americaine-de-la-culture-2019\/","og_locale":"fr_FR","og_type":"article","og_title":"Panama City choisie comme capitale ib\u00e9ro am\u00e9ricaine de la culture 2019 - Embajada de Panam\u00e1 en Francia - Ambassade du Panama en France","og_description":"Par Jos\u00e9 Isabel Blandon, La Prensa La s\u00e9lection s\u2019est faite lors de la XVII Assembl\u00e9e de l\u2019UCCI (Union des Villes Capitales Ib\u00e9ro am\u00e9ricaines) qui se tient tous les deux ans et qui a eu lieu cette ann\u00e9e les 13 et 14 juin. Panama City a \u00e9t\u00e9 choisie le lundi 13 juin, \u00e0 l\u2019Assembl\u00e9e Pl\u00e9ni\u00e8re de [&hellip;]","og_url":"https:\/\/embajadadepanamaenfrancia.fr\/fr\/panama-city-choisie-comme-capitale-ibero-americaine-de-la-culture-2019\/","og_site_name":"Embajada de Panam\u00e1 en Francia - Ambassade du Panama en France","article_published_time":"2016-06-14T15:41:35+00:00","article_modified_time":"2016-06-15T15:05:57+00:00","og_image":[{"width":1920,"height":960,"url":"https:\/\/embajadadepanamaenfrancia.fr\/wp-content\/uploads\/2016\/06\/panama5.jpg","type":"image\/jpeg"}],"author":"Embajada","twitter_card":"summary_large_image","twitter_misc":{"\u00c9crit par":"Embajada","Dur\u00e9e de lecture estim\u00e9e":"1 minute"},"schema":{"@context":"https:\/\/schema.org","@graph":[{"@type":"WebPage","@id":"https:\/\/embajadadepanamaenfrancia.fr\/fr\/panama-city-choisie-comme-capitale-ibero-americaine-de-la-culture-2019\/","url":"https:\/\/embajadadepanamaenfrancia.fr\/fr\/panama-city-choisie-comme-capitale-ibero-americaine-de-la-culture-2019\/","name":"Panama City choisie comme capitale ib\u00e9ro am\u00e9ricaine de la culture 2019 - Embajada de Panam\u00e1 en Francia - Ambassade du Panama en France","isPartOf":{"@id":"https:\/\/embajadadepanamaenfrancia.fr\/fr\/#website"},"primaryImageOfPage":{"@id":"https:\/\/embajadadepanamaenfrancia.fr\/fr\/panama-city-choisie-comme-capitale-ibero-americaine-de-la-culture-2019\/#primaryimage"},"image":{"@id":"https:\/\/embajadadepanamaenfrancia.fr\/fr\/panama-city-choisie-comme-capitale-ibero-americaine-de-la-culture-2019\/#primaryimage"},"thumbnailUrl":"https:\/\/embajadadepanamaenfrancia.fr\/wp-content\/uploads\/2016\/06\/panama5.jpg","datePublished":"2016-06-14T15:41:35+00:00","dateModified":"2016-06-15T15:05:57+00:00","author":{"@id":"https:\/\/embajadadepanamaenfrancia.fr\/fr\/#\/schema\/person\/9c07295aa54fa6c2c6ab7c7f500d4f64"},"breadcrumb":{"@id":"https:\/\/embajadadepanamaenfrancia.fr\/fr\/panama-city-choisie-comme-capitale-ibero-americaine-de-la-culture-2019\/#breadcrumb"},"inLanguage":"fr-FR","potentialAction":[{"@type":"ReadAction","target":["https:\/\/embajadadepanamaenfrancia.fr\/fr\/panama-city-choisie-comme-capitale-ibero-americaine-de-la-culture-2019\/"]}]},{"@type":"ImageObject","inLanguage":"fr-FR","@id":"https:\/\/embajadadepanamaenfrancia.fr\/fr\/panama-city-choisie-comme-capitale-ibero-americaine-de-la-culture-2019\/#primaryimage","url":"https:\/\/embajadadepanamaenfrancia.fr\/wp-content\/uploads\/2016\/06\/panama5.jpg","contentUrl":"https:\/\/embajadadepanamaenfrancia.fr\/wp-content\/uploads\/2016\/06\/panama5.jpg","width":1920,"height":960},{"@type":"BreadcrumbList","@id":"https:\/\/embajadadepanamaenfrancia.fr\/fr\/panama-city-choisie-comme-capitale-ibero-americaine-de-la-culture-2019\/#breadcrumb","itemListElement":[{"@type":"ListItem","position":1,"name":"Portada","item":"https:\/\/embajadadepanamaenfrancia.fr\/fr\/"},{"@type":"ListItem","position":2,"name":"Panama City choisie comme capitale ib\u00e9ro am\u00e9ricaine de la culture 2019"}]},{"@type":"WebSite","@id":"https:\/\/embajadadepanamaenfrancia.fr\/fr\/#website","url":"https:\/\/embajadadepanamaenfrancia.fr\/fr\/","name":"Embajada de Panam\u00e1 en Francia - Ambassade du Panama en France","description":"Bienvenido al sitio de la Embajada de Panam\u00e1 en Francia - Bienvenu \u00e0 l&#039;Ambassade du Panama en France","potentialAction":[{"@type":"SearchAction","target":{"@type":"EntryPoint","urlTemplate":"https:\/\/embajadadepanamaenfrancia.fr\/fr\/?s={search_term_string}"},"query-input":{"@type":"PropertyValueSpecification","valueRequired":true,"valueName":"search_term_string"}}],"inLanguage":"fr-FR"},{"@type":"Person","@id":"https:\/\/embajadadepanamaenfrancia.fr\/fr\/#\/schema\/person\/9c07295aa54fa6c2c6ab7c7f500d4f64","name":"Embajada","sameAs":["http:\/\/0670114215"],"url":"https:\/\/embajadadepanamaenfrancia.fr\/fr\/author\/patagonia_torrijos\/"}]}},"_links":{"self":[{"href":"https:\/\/embajadadepanamaenfrancia.fr\/fr\/wp-json\/wp\/v2\/posts\/2581"}],"collection":[{"href":"https:\/\/embajadadepanamaenfrancia.fr\/fr\/wp-json\/wp\/v2\/posts"}],"about":[{"href":"https:\/\/embajadadepanamaenfrancia.fr\/fr\/wp-json\/wp\/v2\/types\/post"}],"author":[{"embeddable":true,"href":"https:\/\/embajadadepanamaenfrancia.fr\/fr\/wp-json\/wp\/v2\/users\/4"}],"replies":[{"embeddable":true,"href":"https:\/\/embajadadepanamaenfrancia.fr\/fr\/wp-json\/wp\/v2\/comments?post=2581"}],"version-history":[{"count":0,"href":"https:\/\/embajadadepanamaenfrancia.fr\/fr\/wp-json\/wp\/v2\/posts\/2581\/revisions"}],"wp:featuredmedia":[{"embeddable":true,"href":"https:\/\/embajadadepanamaenfrancia.fr\/fr\/wp-json\/wp\/v2\/media\/2570"}],"wp:attachment":[{"href":"https:\/\/embajadadepanamaenfrancia.fr\/fr\/wp-json\/wp\/v2\/media?parent=2581"}],"wp:term":[{"taxonomy":"category","embeddable":true,"href":"https:\/\/embajadadepanamaenfrancia.fr\/fr\/wp-json\/wp\/v2\/categories?post=2581"},{"taxonomy":"post_tag","embeddable":true,"href":"https:\/\/embajadadepanamaenfrancia.fr\/fr\/wp-json\/wp\/v2\/tags?post=2581"}],"curies":[{"name":"wp","href":"https:\/\/api.w.org\/{rel}","templated":true}]}}