{"id":4381,"date":"2018-05-18T10:18:03","date_gmt":"2018-05-18T08:18:03","guid":{"rendered":"https:\/\/2020.embajadadepanamaenfrancia.fr\/?p=4381"},"modified":"2018-06-28T20:03:41","modified_gmt":"2018-06-28T18:03:41","slug":"sube-la-marea-con-copa-airlines-y-la-sele-de-panama","status":"publish","type":"post","link":"https:\/\/embajadadepanamaenfrancia.fr\/fr\/sube-la-marea-con-copa-airlines-y-la-sele-de-panama\/","title":{"rendered":"\u00ab\u00a0Sube La Marea\u00a0\u00bb Panam\u00e1 en Rusia 2018"},"content":{"rendered":"<h2>Sube la Marea con Copa Airlines y La Sele de Panam\u00e1<\/h2>\n<p><a class=\"yt-simple-endpoint style-scope yt-formatted-string\" href=\"https:\/\/www.youtube.com\/results?search_query=%23SubeLaMarea\">#SubeLaMarea<\/a> es un tributo a la Selecci\u00f3n Paname\u00f1a de F\u00fatbol en su primera ida al Mundial, donde reunimos a m\u00e1s de 10 reconocidos artistas paname\u00f1os, conectando emociones y el orgullo de todo un pa\u00eds. Los invitamos a cantarla y sentir la emoci\u00f3n del Mundial junto a nosotros.<\/p>\n","protected":false},"excerpt":{"rendered":"<p>Sube la Marea con Copa Airlines y La Sele de Panam\u00e1 #SubeLaMarea es un tributo a la Selecci\u00f3n Paname\u00f1a de F\u00fatbol en su primera ida al Mundial, donde reunimos a m\u00e1s de 10 reconocidos artistas paname\u00f1os, conectando emociones y el orgullo de todo un pa\u00eds. Los invitamos a cantarla y sentir la emoci\u00f3n del Mundial [&hellip;]<\/p>\n","protected":false},"author":4,"featured_media":4385,"comment_status":"closed","ping_status":"closed","sticky":false,"template":"","format":"standard","meta":{"_et_pb_use_builder":"","_et_pb_old_content":"","_et_gb_content_width":"","footnotes":""},"categories":[37],"tags":[],"class_list":["post-4381","post","type-post","status-publish","format-standard","has-post-thumbnail","hentry","category-videos","et_post_format-et-post-format-video-2","et-has-post-format-content"],"yoast_head":"<!-- This site is optimized with the Yoast SEO plugin v23.6 - https:\/\/yoast.com\/wordpress\/plugins\/seo\/ -->\n<title>&quot;Sube La Marea&quot; Panam\u00e1 en Rusia 2018 - Embajada de Panam\u00e1 en Francia - Ambassade du Panama en France<\/title>\n<meta name=\"robots\" content=\"index, follow, max-snippet:-1, max-image-preview:large, max-video-preview:-1\" \/>\n<link rel=\"canonical\" href=\"https:\/\/embajadadepanamaenfrancia.fr\/fr\/sube-la-marea-con-copa-airlines-y-la-sele-de-panama\/\" \/>\n<meta property=\"og:locale\" content=\"fr_FR\" \/>\n<meta property=\"og:type\" content=\"article\" \/>\n<meta property=\"og:title\" content=\"&quot;Sube La Marea&quot; Panam\u00e1 en Rusia 2018 - Embajada de Panam\u00e1 en Francia - Ambassade du Panama en France\" \/>\n<meta property=\"og:description\" content=\"Sube la Marea con Copa Airlines y La Sele de Panam\u00e1 #SubeLaMarea es un tributo a la Selecci\u00f3n Paname\u00f1a de F\u00fatbol en su primera ida al Mundial, donde reunimos a m\u00e1s de 10 reconocidos artistas paname\u00f1os, conectando emociones y el orgullo de todo un pa\u00eds. Los invitamos a cantarla y sentir la emoci\u00f3n del Mundial [&hellip;]\" \/>\n<meta property=\"og:url\" content=\"https:\/\/embajadadepanamaenfrancia.fr\/fr\/sube-la-marea-con-copa-airlines-y-la-sele-de-panama\/\" \/>\n<meta property=\"og:site_name\" content=\"Embajada de Panam\u00e1 en Francia - Ambassade du Panama en France\" \/>\n<meta property=\"article:published_time\" content=\"2018-05-18T08:18:03+00:00\" \/>\n<meta property=\"article:modified_time\" content=\"2018-06-28T18:03:41+00:00\" \/>\n<meta property=\"og:image\" content=\"https:\/\/embajadadepanamaenfrancia.fr\/wp-content\/uploads\/2018\/05\/SubeLaMarea.jpg\" \/>\n\t<meta property=\"og:image:width\" content=\"1079\" \/>\n\t<meta property=\"og:image:height\" content=\"610\" \/>\n\t<meta property=\"og:image:type\" content=\"image\/jpeg\" \/>\n<meta name=\"author\" content=\"Embajada\" \/>\n<meta name=\"twitter:card\" content=\"summary_large_image\" \/>\n<meta name=\"twitter:label1\" content=\"\u00c9crit par\" \/>\n\t<meta name=\"twitter:data1\" content=\"Embajada\" \/>\n<script type=\"application\/ld+json\" class=\"yoast-schema-graph\">{\"@context\":\"https:\/\/schema.org\",\"@graph\":[{\"@type\":\"WebPage\",\"@id\":\"https:\/\/embajadadepanamaenfrancia.fr\/fr\/sube-la-marea-con-copa-airlines-y-la-sele-de-panama\/\",\"url\":\"https:\/\/embajadadepanamaenfrancia.fr\/fr\/sube-la-marea-con-copa-airlines-y-la-sele-de-panama\/\",\"name\":\"\\\"Sube La Marea\\\" Panam\u00e1 en Rusia 2018 - Embajada de Panam\u00e1 en Francia - Ambassade du Panama en France\",\"isPartOf\":{\"@id\":\"https:\/\/embajadadepanamaenfrancia.fr\/fr\/#website\"},\"primaryImageOfPage\":{\"@id\":\"https:\/\/embajadadepanamaenfrancia.fr\/fr\/sube-la-marea-con-copa-airlines-y-la-sele-de-panama\/#primaryimage\"},\"image\":{\"@id\":\"https:\/\/embajadadepanamaenfrancia.fr\/fr\/sube-la-marea-con-copa-airlines-y-la-sele-de-panama\/#primaryimage\"},\"thumbnailUrl\":\"https:\/\/embajadadepanamaenfrancia.fr\/wp-content\/uploads\/2018\/05\/SubeLaMarea.jpg\",\"datePublished\":\"2018-05-18T08:18:03+00:00\",\"dateModified\":\"2018-06-28T18:03:41+00:00\",\"author\":{\"@id\":\"https:\/\/embajadadepanamaenfrancia.fr\/fr\/#\/schema\/person\/9c07295aa54fa6c2c6ab7c7f500d4f64\"},\"breadcrumb\":{\"@id\":\"https:\/\/embajadadepanamaenfrancia.fr\/fr\/sube-la-marea-con-copa-airlines-y-la-sele-de-panama\/#breadcrumb\"},\"inLanguage\":\"fr-FR\",\"potentialAction\":[{\"@type\":\"ReadAction\",\"target\":[\"https:\/\/embajadadepanamaenfrancia.fr\/fr\/sube-la-marea-con-copa-airlines-y-la-sele-de-panama\/\"]}]},{\"@type\":\"ImageObject\",\"inLanguage\":\"fr-FR\",\"@id\":\"https:\/\/embajadadepanamaenfrancia.fr\/fr\/sube-la-marea-con-copa-airlines-y-la-sele-de-panama\/#primaryimage\",\"url\":\"https:\/\/embajadadepanamaenfrancia.fr\/wp-content\/uploads\/2018\/05\/SubeLaMarea.jpg\",\"contentUrl\":\"https:\/\/embajadadepanamaenfrancia.fr\/wp-content\/uploads\/2018\/05\/SubeLaMarea.jpg\",\"width\":1079,\"height\":610},{\"@type\":\"BreadcrumbList\",\"@id\":\"https:\/\/embajadadepanamaenfrancia.fr\/fr\/sube-la-marea-con-copa-airlines-y-la-sele-de-panama\/#breadcrumb\",\"itemListElement\":[{\"@type\":\"ListItem\",\"position\":1,\"name\":\"Portada\",\"item\":\"https:\/\/embajadadepanamaenfrancia.fr\/fr\/\"},{\"@type\":\"ListItem\",\"position\":2,\"name\":\"\u00abSube La Marea\u00bb Panam\u00e1 en Rusia 2018\"}]},{\"@type\":\"WebSite\",\"@id\":\"https:\/\/embajadadepanamaenfrancia.fr\/fr\/#website\",\"url\":\"https:\/\/embajadadepanamaenfrancia.fr\/fr\/\",\"name\":\"Embajada de Panam\u00e1 en Francia - Ambassade du Panama en France\",\"description\":\"Bienvenido al sitio de la Embajada de Panam\u00e1 en Francia - Bienvenu \u00e0 l&#039;Ambassade du Panama en France\",\"potentialAction\":[{\"@type\":\"SearchAction\",\"target\":{\"@type\":\"EntryPoint\",\"urlTemplate\":\"https:\/\/embajadadepanamaenfrancia.fr\/fr\/?s={search_term_string}\"},\"query-input\":{\"@type\":\"PropertyValueSpecification\",\"valueRequired\":true,\"valueName\":\"search_term_string\"}}],\"inLanguage\":\"fr-FR\"},{\"@type\":\"Person\",\"@id\":\"https:\/\/embajadadepanamaenfrancia.fr\/fr\/#\/schema\/person\/9c07295aa54fa6c2c6ab7c7f500d4f64\",\"name\":\"Embajada\",\"sameAs\":[\"http:\/\/0670114215\"],\"url\":\"https:\/\/embajadadepanamaenfrancia.fr\/fr\/author\/patagonia_torrijos\/\"}]}<\/script>\n<!-- \/ Yoast SEO plugin. -->","yoast_head_json":{"title":"\"Sube La Marea\" Panam\u00e1 en Rusia 2018 - Embajada de Panam\u00e1 en Francia - Ambassade du Panama en France","robots":{"index":"index","follow":"follow","max-snippet":"max-snippet:-1","max-image-preview":"max-image-preview:large","max-video-preview":"max-video-preview:-1"},"canonical":"https:\/\/embajadadepanamaenfrancia.fr\/fr\/sube-la-marea-con-copa-airlines-y-la-sele-de-panama\/","og_locale":"fr_FR","og_type":"article","og_title":"\"Sube La Marea\" Panam\u00e1 en Rusia 2018 - Embajada de Panam\u00e1 en Francia - Ambassade du Panama en France","og_description":"Sube la Marea con Copa Airlines y La Sele de Panam\u00e1 #SubeLaMarea es un tributo a la Selecci\u00f3n Paname\u00f1a de F\u00fatbol en su primera ida al Mundial, donde reunimos a m\u00e1s de 10 reconocidos artistas paname\u00f1os, conectando emociones y el orgullo de todo un pa\u00eds. Los invitamos a cantarla y sentir la emoci\u00f3n del Mundial [&hellip;]","og_url":"https:\/\/embajadadepanamaenfrancia.fr\/fr\/sube-la-marea-con-copa-airlines-y-la-sele-de-panama\/","og_site_name":"Embajada de Panam\u00e1 en Francia - Ambassade du Panama en France","article_published_time":"2018-05-18T08:18:03+00:00","article_modified_time":"2018-06-28T18:03:41+00:00","og_image":[{"width":1079,"height":610,"url":"https:\/\/embajadadepanamaenfrancia.fr\/wp-content\/uploads\/2018\/05\/SubeLaMarea.jpg","type":"image\/jpeg"}],"author":"Embajada","twitter_card":"summary_large_image","twitter_misc":{"\u00c9crit par":"Embajada"},"schema":{"@context":"https:\/\/schema.org","@graph":[{"@type":"WebPage","@id":"https:\/\/embajadadepanamaenfrancia.fr\/fr\/sube-la-marea-con-copa-airlines-y-la-sele-de-panama\/","url":"https:\/\/embajadadepanamaenfrancia.fr\/fr\/sube-la-marea-con-copa-airlines-y-la-sele-de-panama\/","name":"\"Sube La Marea\" Panam\u00e1 en Rusia 2018 - Embajada de Panam\u00e1 en Francia - Ambassade du Panama en France","isPartOf":{"@id":"https:\/\/embajadadepanamaenfrancia.fr\/fr\/#website"},"primaryImageOfPage":{"@id":"https:\/\/embajadadepanamaenfrancia.fr\/fr\/sube-la-marea-con-copa-airlines-y-la-sele-de-panama\/#primaryimage"},"image":{"@id":"https:\/\/embajadadepanamaenfrancia.fr\/fr\/sube-la-marea-con-copa-airlines-y-la-sele-de-panama\/#primaryimage"},"thumbnailUrl":"https:\/\/embajadadepanamaenfrancia.fr\/wp-content\/uploads\/2018\/05\/SubeLaMarea.jpg","datePublished":"2018-05-18T08:18:03+00:00","dateModified":"2018-06-28T18:03:41+00:00","author":{"@id":"https:\/\/embajadadepanamaenfrancia.fr\/fr\/#\/schema\/person\/9c07295aa54fa6c2c6ab7c7f500d4f64"},"breadcrumb":{"@id":"https:\/\/embajadadepanamaenfrancia.fr\/fr\/sube-la-marea-con-copa-airlines-y-la-sele-de-panama\/#breadcrumb"},"inLanguage":"fr-FR","potentialAction":[{"@type":"ReadAction","target":["https:\/\/embajadadepanamaenfrancia.fr\/fr\/sube-la-marea-con-copa-airlines-y-la-sele-de-panama\/"]}]},{"@type":"ImageObject","inLanguage":"fr-FR","@id":"https:\/\/embajadadepanamaenfrancia.fr\/fr\/sube-la-marea-con-copa-airlines-y-la-sele-de-panama\/#primaryimage","url":"https:\/\/embajadadepanamaenfrancia.fr\/wp-content\/uploads\/2018\/05\/SubeLaMarea.jpg","contentUrl":"https:\/\/embajadadepanamaenfrancia.fr\/wp-content\/uploads\/2018\/05\/SubeLaMarea.jpg","width":1079,"height":610},{"@type":"BreadcrumbList","@id":"https:\/\/embajadadepanamaenfrancia.fr\/fr\/sube-la-marea-con-copa-airlines-y-la-sele-de-panama\/#breadcrumb","itemListElement":[{"@type":"ListItem","position":1,"name":"Portada","item":"https:\/\/embajadadepanamaenfrancia.fr\/fr\/"},{"@type":"ListItem","position":2,"name":"\u00abSube La Marea\u00bb Panam\u00e1 en Rusia 2018"}]},{"@type":"WebSite","@id":"https:\/\/embajadadepanamaenfrancia.fr\/fr\/#website","url":"https:\/\/embajadadepanamaenfrancia.fr\/fr\/","name":"Embajada de Panam\u00e1 en Francia - Ambassade du Panama en France","description":"Bienvenido al sitio de la Embajada de Panam\u00e1 en Francia - Bienvenu \u00e0 l&#039;Ambassade du Panama en France","potentialAction":[{"@type":"SearchAction","target":{"@type":"EntryPoint","urlTemplate":"https:\/\/embajadadepanamaenfrancia.fr\/fr\/?s={search_term_string}"},"query-input":{"@type":"PropertyValueSpecification","valueRequired":true,"valueName":"search_term_string"}}],"inLanguage":"fr-FR"},{"@type":"Person","@id":"https:\/\/embajadadepanamaenfrancia.fr\/fr\/#\/schema\/person\/9c07295aa54fa6c2c6ab7c7f500d4f64","name":"Embajada","sameAs":["http:\/\/0670114215"],"url":"https:\/\/embajadadepanamaenfrancia.fr\/fr\/author\/patagonia_torrijos\/"}]}},"_links":{"self":[{"href":"https:\/\/embajadadepanamaenfrancia.fr\/fr\/wp-json\/wp\/v2\/posts\/4381"}],"collection":[{"href":"https:\/\/embajadadepanamaenfrancia.fr\/fr\/wp-json\/wp\/v2\/posts"}],"about":[{"href":"https:\/\/embajadadepanamaenfrancia.fr\/fr\/wp-json\/wp\/v2\/types\/post"}],"author":[{"embeddable":true,"href":"https:\/\/embajadadepanamaenfrancia.fr\/fr\/wp-json\/wp\/v2\/users\/4"}],"replies":[{"embeddable":true,"href":"https:\/\/embajadadepanamaenfrancia.fr\/fr\/wp-json\/wp\/v2\/comments?post=4381"}],"version-history":[{"count":0,"href":"https:\/\/embajadadepanamaenfrancia.fr\/fr\/wp-json\/wp\/v2\/posts\/4381\/revisions"}],"wp:featuredmedia":[{"embeddable":true,"href":"https:\/\/embajadadepanamaenfrancia.fr\/fr\/wp-json\/wp\/v2\/media\/4385"}],"wp:attachment":[{"href":"https:\/\/embajadadepanamaenfrancia.fr\/fr\/wp-json\/wp\/v2\/media?parent=4381"}],"wp:term":[{"taxonomy":"category","embeddable":true,"href":"https:\/\/embajadadepanamaenfrancia.fr\/fr\/wp-json\/wp\/v2\/categories?post=4381"},{"taxonomy":"post_tag","embeddable":true,"href":"https:\/\/embajadadepanamaenfrancia.fr\/fr\/wp-json\/wp\/v2\/tags?post=4381"}],"curies":[{"name":"wp","href":"https:\/\/api.w.org\/{rel}","templated":true}]}}