{"id":9626,"date":"2020-03-28T12:49:41","date_gmt":"2020-03-28T11:49:41","guid":{"rendered":"https:\/\/embajadadepanamaenfrancia.fr\/repatriacion-de-panamenos-en-el-exterior-plan-protegete-panama\/"},"modified":"2020-03-28T12:54:35","modified_gmt":"2020-03-28T11:54:35","slug":"repatriacion-de-panamenos-en-el-exterior-plan-protegete-panama","status":"publish","type":"post","link":"https:\/\/embajadadepanamaenfrancia.fr\/fr\/repatriacion-de-panamenos-en-el-exterior-plan-protegete-panama\/","title":{"rendered":"Rapatriement des Panam\u00e9ens \u00e0 l&rsquo;\u00e9tranger &#8211; Plan prot\u00e9gete Panam\u00e1"},"content":{"rendered":"<p><img loading=\"lazy\" decoding=\"async\" class=\"size-full wp-image-9621 aligncenter\" src=\"https:\/\/embajadadepanamaenfrancia.fr\/wp-content\/uploads\/2020\/03\/plan-protege-panama-presidencia.png\" alt=\"\" width=\"1280\" height=\"275\" srcset=\"https:\/\/embajadadepanamaenfrancia.fr\/wp-content\/uploads\/2020\/03\/plan-protege-panama-presidencia.png 1280w, https:\/\/embajadadepanamaenfrancia.fr\/wp-content\/uploads\/2020\/03\/plan-protege-panama-presidencia-300x64.png 300w, https:\/\/embajadadepanamaenfrancia.fr\/wp-content\/uploads\/2020\/03\/plan-protege-panama-presidencia-1024x220.png 1024w, https:\/\/embajadadepanamaenfrancia.fr\/wp-content\/uploads\/2020\/03\/plan-protege-panama-presidencia-768x165.png 768w, https:\/\/embajadadepanamaenfrancia.fr\/wp-content\/uploads\/2020\/03\/plan-protege-panama-presidencia-1080x232.png 1080w\" sizes=\"(max-width: 1280px) 100vw, 1280px\" \/><\/p>\n<p>Ces derni\u00e8res semaines, le gouvernement national, par le biais du minist\u00e8re des Affaires \u00e9trang\u00e8res, du service ext\u00e9rieur, du minist\u00e8re de la Sant\u00e9 et d&rsquo;autres entit\u00e9s, a coordonn\u00e9 le rapatriement de nombreux Panam\u00e9ens, malgr\u00e9 les \u00e9normes obstacles caus\u00e9s par les mesures impos\u00e9es par diff\u00e9rents pays, y compris la suspension des vols et des fermetures d&rsquo;a\u00e9roports et de fronti\u00e8res en raison de la pand\u00e9mie de Covid-19.<\/p>\n<p>Le mercredi 25 mars, par le d\u00e9cret ex\u00e9cutif n \u00b0 507 de 2020 du minist\u00e8re de la Sant\u00e9, un couvre-feu g\u00e9n\u00e9ral a \u00e9t\u00e9 impos\u00e9, ce qui implique une mise en quarantaine sur tout le territoire national afin de contr\u00f4ler la propagation et la propagation de Covid- 19.<\/p>\n<p>L&rsquo;\u00e9quipe \u00e9pid\u00e9miologique du minist\u00e8re de la Sant\u00e9 a provisoirement d\u00e9termin\u00e9 l&rsquo;interdiction d&rsquo;entr\u00e9e de passagers sur le territoire national. Ce type d&rsquo;actions, qui ont \u00e9galement \u00e9t\u00e9 mises en \u0153uvre par plusieurs pays, vise \u00e0 emp\u00eacher l&rsquo;importation de cas pendant la quarantaine g\u00e9n\u00e9ralis\u00e9e pour atteindre une plus grande efficacit\u00e9.<\/p>\n<p>Le Gouvernement national r\u00e9it\u00e8re que l&rsquo;efficacit\u00e9 des mesures actuelles, qui \u00e0 son tour r\u00e9duira les p\u00e9riodes d&rsquo;application de ces mesures, d\u00e9pendra du strict respect que nous, Panam\u00e9ens, accordons \u00e0 la quarantaine actuelle.<\/p>\n<p>Le gouvernement national est conscient que cette crise affecte des Panam\u00e9ens qui se trouvent dans diff\u00e9rentes parties du monde, il demande donc instamment \u00e0 l&rsquo;ambassade ou au consulat panam\u00e9en le plus proche. Sur le site Web suivant, vous trouverez les coordonn\u00e9es du service ext\u00e9rieur panam\u00e9en: <a href=\"https:\/\/mire.gob.pa\/ministerio\/panama-en-el-exterior\/?fbclid=IwAR0Z9FAda1IFGkqMjERcMwkrPajO1yxNtlvCcTCdg7LDiTGs-wSPeQACRyk\" target=\"_blank\" rel=\"noopener nofollow noreferrer\" data-ft=\"{&quot;tn&quot;:&quot;-U&quot;}\" data-lynx-mode=\"async\" data-lynx-uri=\"https:\/\/l.facebook.com\/l.php?u=https%3A%2F%2Fmire.gob.pa%2Fministerio%2Fpanama-en-el-exterior%2F%3Ffbclid%3DIwAR0Z9FAda1IFGkqMjERcMwkrPajO1yxNtlvCcTCdg7LDiTGs-wSPeQACRyk&amp;h=AT2pJiHolNDOF13us8VM_HVysJzKcVSc9-NKKDJKNBaMh7NjO-tIoiJj1IFQcAYs_iqFEFwPxfN7Sp-iNiorcZO12YJ25W5CqtMAatcd_UdGXMh_nxFu1I2WKS_FJuTJd4wzX1s0A0FZirodXyzMjjf0FVtqRczoxQ4eBXM9SQGqax_zoMhyCWQKG7pCo1jYRvjQ-vuqK4SuoDujRDP1juoWDQlEKcsjeWGpIsntjRqWMmK9eeQE9c_Ye5UzMpTXLRg6tEQ64WkBCl29aWOvE0ViM9NGZCjLZOufNCQ2TMUYxYVPHukORASdO7W_Lx1NtRierVCdj1dqEzdE9MaqY_nU3wyDTnIEWeigeO-VYbDzyE7HNj3ECSpPjAtD2hb6OveWLxKqQTHCkHHNguJwlwBPG87VfE-HBH-vobUIGloEmIm9G2fSQNxHYDnAnIgm1HgWhO5_lGUsiRw1HIzMmO7DWFYAIEy-Qg0S4j1iJ9EAUnkEnpRE2EIfILJrALkw8d1GOm3p-ZS_lRZQe0tinmdJ0OKrAOmNBlKQ9BRtBYniPnz3gIyPC5aKj6Zuy6Ad0zWFKJ-K-uy8xkmWlyJX_cWGJ5vKPLSRyfXpVi5vcsteNBdejgzbMvp5qkVNC69a8DHsR8vLjnY\">https:\/\/mire.gob.pa\/ministerio\/panama-en-el-exterior\/<\/a><\/p>\n","protected":false},"excerpt":{"rendered":"<p>Ces derni\u00e8res semaines, le gouvernement national, par le biais du minist\u00e8re des Affaires \u00e9trang\u00e8res, du service ext\u00e9rieur, du minist\u00e8re de la Sant\u00e9 et d&rsquo;autres entit\u00e9s, a coordonn\u00e9 le rapatriement de nombreux Panam\u00e9ens, malgr\u00e9 les \u00e9normes obstacles caus\u00e9s par les mesures impos\u00e9es par diff\u00e9rents pays, y compris la suspension des vols et des fermetures d&rsquo;a\u00e9roports et [&hellip;]<\/p>\n","protected":false},"author":4,"featured_media":9619,"comment_status":"open","ping_status":"open","sticky":false,"template":"","format":"standard","meta":{"_et_pb_use_builder":"","_et_pb_old_content":"","_et_gb_content_width":"","footnotes":""},"categories":[78],"tags":[],"class_list":["post-9626","post","type-post","status-publish","format-standard","has-post-thumbnail","hentry","category-coronavirus-fr","et-has-post-format-content","et_post_format-et-post-format-standard"],"yoast_head":"<!-- This site is optimized with the Yoast SEO plugin v23.6 - https:\/\/yoast.com\/wordpress\/plugins\/seo\/ -->\n<title>Rapatriement des Panam\u00e9ens \u00e0 l&#039;\u00e9tranger - Plan prot\u00e9gete Panam\u00e1 - Embajada de Panam\u00e1 en Francia - Ambassade du Panama en France<\/title>\n<meta name=\"robots\" content=\"index, follow, max-snippet:-1, max-image-preview:large, max-video-preview:-1\" \/>\n<link rel=\"canonical\" href=\"https:\/\/embajadadepanamaenfrancia.fr\/fr\/repatriacion-de-panamenos-en-el-exterior-plan-protegete-panama\/\" \/>\n<meta property=\"og:locale\" content=\"fr_FR\" \/>\n<meta property=\"og:type\" content=\"article\" \/>\n<meta property=\"og:title\" content=\"Rapatriement des Panam\u00e9ens \u00e0 l&#039;\u00e9tranger - Plan prot\u00e9gete Panam\u00e1 - Embajada de Panam\u00e1 en Francia - Ambassade du Panama en France\" \/>\n<meta property=\"og:description\" content=\"Ces derni\u00e8res semaines, le gouvernement national, par le biais du minist\u00e8re des Affaires \u00e9trang\u00e8res, du service ext\u00e9rieur, du minist\u00e8re de la Sant\u00e9 et d&rsquo;autres entit\u00e9s, a coordonn\u00e9 le rapatriement de nombreux Panam\u00e9ens, malgr\u00e9 les \u00e9normes obstacles caus\u00e9s par les mesures impos\u00e9es par diff\u00e9rents pays, y compris la suspension des vols et des fermetures d&rsquo;a\u00e9roports et [&hellip;]\" \/>\n<meta property=\"og:url\" content=\"https:\/\/embajadadepanamaenfrancia.fr\/fr\/repatriacion-de-panamenos-en-el-exterior-plan-protegete-panama\/\" \/>\n<meta property=\"og:site_name\" content=\"Embajada de Panam\u00e1 en Francia - Ambassade du Panama en France\" \/>\n<meta property=\"article:published_time\" content=\"2020-03-28T11:49:41+00:00\" \/>\n<meta property=\"article:modified_time\" content=\"2020-03-28T11:54:35+00:00\" \/>\n<meta property=\"og:image\" content=\"https:\/\/embajadadepanamaenfrancia.fr\/wp-content\/uploads\/2020\/03\/plan-protege-panama.png\" \/>\n\t<meta property=\"og:image:width\" content=\"1428\" \/>\n\t<meta property=\"og:image:height\" content=\"784\" \/>\n\t<meta property=\"og:image:type\" content=\"image\/png\" \/>\n<meta name=\"author\" content=\"Embajada\" \/>\n<meta name=\"twitter:card\" content=\"summary_large_image\" \/>\n<meta name=\"twitter:label1\" content=\"\u00c9crit par\" \/>\n\t<meta name=\"twitter:data1\" content=\"Embajada\" \/>\n\t<meta name=\"twitter:label2\" content=\"Dur\u00e9e de lecture estim\u00e9e\" \/>\n\t<meta name=\"twitter:data2\" content=\"1 minute\" \/>\n<script type=\"application\/ld+json\" class=\"yoast-schema-graph\">{\"@context\":\"https:\/\/schema.org\",\"@graph\":[{\"@type\":\"WebPage\",\"@id\":\"https:\/\/embajadadepanamaenfrancia.fr\/fr\/repatriacion-de-panamenos-en-el-exterior-plan-protegete-panama\/\",\"url\":\"https:\/\/embajadadepanamaenfrancia.fr\/fr\/repatriacion-de-panamenos-en-el-exterior-plan-protegete-panama\/\",\"name\":\"Rapatriement des Panam\u00e9ens \u00e0 l'\u00e9tranger - Plan prot\u00e9gete Panam\u00e1 - Embajada de Panam\u00e1 en Francia - Ambassade du Panama en France\",\"isPartOf\":{\"@id\":\"https:\/\/embajadadepanamaenfrancia.fr\/fr\/#website\"},\"primaryImageOfPage\":{\"@id\":\"https:\/\/embajadadepanamaenfrancia.fr\/fr\/repatriacion-de-panamenos-en-el-exterior-plan-protegete-panama\/#primaryimage\"},\"image\":{\"@id\":\"https:\/\/embajadadepanamaenfrancia.fr\/fr\/repatriacion-de-panamenos-en-el-exterior-plan-protegete-panama\/#primaryimage\"},\"thumbnailUrl\":\"https:\/\/embajadadepanamaenfrancia.fr\/wp-content\/uploads\/2020\/03\/plan-protege-panama.png\",\"datePublished\":\"2020-03-28T11:49:41+00:00\",\"dateModified\":\"2020-03-28T11:54:35+00:00\",\"author\":{\"@id\":\"https:\/\/embajadadepanamaenfrancia.fr\/fr\/#\/schema\/person\/9c07295aa54fa6c2c6ab7c7f500d4f64\"},\"breadcrumb\":{\"@id\":\"https:\/\/embajadadepanamaenfrancia.fr\/fr\/repatriacion-de-panamenos-en-el-exterior-plan-protegete-panama\/#breadcrumb\"},\"inLanguage\":\"fr-FR\",\"potentialAction\":[{\"@type\":\"ReadAction\",\"target\":[\"https:\/\/embajadadepanamaenfrancia.fr\/fr\/repatriacion-de-panamenos-en-el-exterior-plan-protegete-panama\/\"]}]},{\"@type\":\"ImageObject\",\"inLanguage\":\"fr-FR\",\"@id\":\"https:\/\/embajadadepanamaenfrancia.fr\/fr\/repatriacion-de-panamenos-en-el-exterior-plan-protegete-panama\/#primaryimage\",\"url\":\"https:\/\/embajadadepanamaenfrancia.fr\/wp-content\/uploads\/2020\/03\/plan-protege-panama.png\",\"contentUrl\":\"https:\/\/embajadadepanamaenfrancia.fr\/wp-content\/uploads\/2020\/03\/plan-protege-panama.png\",\"width\":1428,\"height\":784},{\"@type\":\"BreadcrumbList\",\"@id\":\"https:\/\/embajadadepanamaenfrancia.fr\/fr\/repatriacion-de-panamenos-en-el-exterior-plan-protegete-panama\/#breadcrumb\",\"itemListElement\":[{\"@type\":\"ListItem\",\"position\":1,\"name\":\"Portada\",\"item\":\"https:\/\/embajadadepanamaenfrancia.fr\/fr\/\"},{\"@type\":\"ListItem\",\"position\":2,\"name\":\"Rapatriement des Panam\u00e9ens \u00e0 l&#8217;\u00e9tranger &#8211; Plan prot\u00e9gete Panam\u00e1\"}]},{\"@type\":\"WebSite\",\"@id\":\"https:\/\/embajadadepanamaenfrancia.fr\/fr\/#website\",\"url\":\"https:\/\/embajadadepanamaenfrancia.fr\/fr\/\",\"name\":\"Embajada de Panam\u00e1 en Francia - Ambassade du Panama en France\",\"description\":\"Bienvenido al sitio de la Embajada de Panam\u00e1 en Francia - Bienvenu \u00e0 l&#039;Ambassade du Panama en France\",\"potentialAction\":[{\"@type\":\"SearchAction\",\"target\":{\"@type\":\"EntryPoint\",\"urlTemplate\":\"https:\/\/embajadadepanamaenfrancia.fr\/fr\/?s={search_term_string}\"},\"query-input\":{\"@type\":\"PropertyValueSpecification\",\"valueRequired\":true,\"valueName\":\"search_term_string\"}}],\"inLanguage\":\"fr-FR\"},{\"@type\":\"Person\",\"@id\":\"https:\/\/embajadadepanamaenfrancia.fr\/fr\/#\/schema\/person\/9c07295aa54fa6c2c6ab7c7f500d4f64\",\"name\":\"Embajada\",\"sameAs\":[\"http:\/\/0670114215\"],\"url\":\"https:\/\/embajadadepanamaenfrancia.fr\/fr\/author\/patagonia_torrijos\/\"}]}<\/script>\n<!-- \/ Yoast SEO plugin. -->","yoast_head_json":{"title":"Rapatriement des Panam\u00e9ens \u00e0 l'\u00e9tranger - Plan prot\u00e9gete Panam\u00e1 - Embajada de Panam\u00e1 en Francia - Ambassade du Panama en France","robots":{"index":"index","follow":"follow","max-snippet":"max-snippet:-1","max-image-preview":"max-image-preview:large","max-video-preview":"max-video-preview:-1"},"canonical":"https:\/\/embajadadepanamaenfrancia.fr\/fr\/repatriacion-de-panamenos-en-el-exterior-plan-protegete-panama\/","og_locale":"fr_FR","og_type":"article","og_title":"Rapatriement des Panam\u00e9ens \u00e0 l'\u00e9tranger - Plan prot\u00e9gete Panam\u00e1 - Embajada de Panam\u00e1 en Francia - Ambassade du Panama en France","og_description":"Ces derni\u00e8res semaines, le gouvernement national, par le biais du minist\u00e8re des Affaires \u00e9trang\u00e8res, du service ext\u00e9rieur, du minist\u00e8re de la Sant\u00e9 et d&rsquo;autres entit\u00e9s, a coordonn\u00e9 le rapatriement de nombreux Panam\u00e9ens, malgr\u00e9 les \u00e9normes obstacles caus\u00e9s par les mesures impos\u00e9es par diff\u00e9rents pays, y compris la suspension des vols et des fermetures d&rsquo;a\u00e9roports et [&hellip;]","og_url":"https:\/\/embajadadepanamaenfrancia.fr\/fr\/repatriacion-de-panamenos-en-el-exterior-plan-protegete-panama\/","og_site_name":"Embajada de Panam\u00e1 en Francia - Ambassade du Panama en France","article_published_time":"2020-03-28T11:49:41+00:00","article_modified_time":"2020-03-28T11:54:35+00:00","og_image":[{"width":1428,"height":784,"url":"https:\/\/embajadadepanamaenfrancia.fr\/wp-content\/uploads\/2020\/03\/plan-protege-panama.png","type":"image\/png"}],"author":"Embajada","twitter_card":"summary_large_image","twitter_misc":{"\u00c9crit par":"Embajada","Dur\u00e9e de lecture estim\u00e9e":"1 minute"},"schema":{"@context":"https:\/\/schema.org","@graph":[{"@type":"WebPage","@id":"https:\/\/embajadadepanamaenfrancia.fr\/fr\/repatriacion-de-panamenos-en-el-exterior-plan-protegete-panama\/","url":"https:\/\/embajadadepanamaenfrancia.fr\/fr\/repatriacion-de-panamenos-en-el-exterior-plan-protegete-panama\/","name":"Rapatriement des Panam\u00e9ens \u00e0 l'\u00e9tranger - Plan prot\u00e9gete Panam\u00e1 - Embajada de Panam\u00e1 en Francia - Ambassade du Panama en France","isPartOf":{"@id":"https:\/\/embajadadepanamaenfrancia.fr\/fr\/#website"},"primaryImageOfPage":{"@id":"https:\/\/embajadadepanamaenfrancia.fr\/fr\/repatriacion-de-panamenos-en-el-exterior-plan-protegete-panama\/#primaryimage"},"image":{"@id":"https:\/\/embajadadepanamaenfrancia.fr\/fr\/repatriacion-de-panamenos-en-el-exterior-plan-protegete-panama\/#primaryimage"},"thumbnailUrl":"https:\/\/embajadadepanamaenfrancia.fr\/wp-content\/uploads\/2020\/03\/plan-protege-panama.png","datePublished":"2020-03-28T11:49:41+00:00","dateModified":"2020-03-28T11:54:35+00:00","author":{"@id":"https:\/\/embajadadepanamaenfrancia.fr\/fr\/#\/schema\/person\/9c07295aa54fa6c2c6ab7c7f500d4f64"},"breadcrumb":{"@id":"https:\/\/embajadadepanamaenfrancia.fr\/fr\/repatriacion-de-panamenos-en-el-exterior-plan-protegete-panama\/#breadcrumb"},"inLanguage":"fr-FR","potentialAction":[{"@type":"ReadAction","target":["https:\/\/embajadadepanamaenfrancia.fr\/fr\/repatriacion-de-panamenos-en-el-exterior-plan-protegete-panama\/"]}]},{"@type":"ImageObject","inLanguage":"fr-FR","@id":"https:\/\/embajadadepanamaenfrancia.fr\/fr\/repatriacion-de-panamenos-en-el-exterior-plan-protegete-panama\/#primaryimage","url":"https:\/\/embajadadepanamaenfrancia.fr\/wp-content\/uploads\/2020\/03\/plan-protege-panama.png","contentUrl":"https:\/\/embajadadepanamaenfrancia.fr\/wp-content\/uploads\/2020\/03\/plan-protege-panama.png","width":1428,"height":784},{"@type":"BreadcrumbList","@id":"https:\/\/embajadadepanamaenfrancia.fr\/fr\/repatriacion-de-panamenos-en-el-exterior-plan-protegete-panama\/#breadcrumb","itemListElement":[{"@type":"ListItem","position":1,"name":"Portada","item":"https:\/\/embajadadepanamaenfrancia.fr\/fr\/"},{"@type":"ListItem","position":2,"name":"Rapatriement des Panam\u00e9ens \u00e0 l&#8217;\u00e9tranger &#8211; Plan prot\u00e9gete Panam\u00e1"}]},{"@type":"WebSite","@id":"https:\/\/embajadadepanamaenfrancia.fr\/fr\/#website","url":"https:\/\/embajadadepanamaenfrancia.fr\/fr\/","name":"Embajada de Panam\u00e1 en Francia - Ambassade du Panama en France","description":"Bienvenido al sitio de la Embajada de Panam\u00e1 en Francia - Bienvenu \u00e0 l&#039;Ambassade du Panama en France","potentialAction":[{"@type":"SearchAction","target":{"@type":"EntryPoint","urlTemplate":"https:\/\/embajadadepanamaenfrancia.fr\/fr\/?s={search_term_string}"},"query-input":{"@type":"PropertyValueSpecification","valueRequired":true,"valueName":"search_term_string"}}],"inLanguage":"fr-FR"},{"@type":"Person","@id":"https:\/\/embajadadepanamaenfrancia.fr\/fr\/#\/schema\/person\/9c07295aa54fa6c2c6ab7c7f500d4f64","name":"Embajada","sameAs":["http:\/\/0670114215"],"url":"https:\/\/embajadadepanamaenfrancia.fr\/fr\/author\/patagonia_torrijos\/"}]}},"_links":{"self":[{"href":"https:\/\/embajadadepanamaenfrancia.fr\/fr\/wp-json\/wp\/v2\/posts\/9626"}],"collection":[{"href":"https:\/\/embajadadepanamaenfrancia.fr\/fr\/wp-json\/wp\/v2\/posts"}],"about":[{"href":"https:\/\/embajadadepanamaenfrancia.fr\/fr\/wp-json\/wp\/v2\/types\/post"}],"author":[{"embeddable":true,"href":"https:\/\/embajadadepanamaenfrancia.fr\/fr\/wp-json\/wp\/v2\/users\/4"}],"replies":[{"embeddable":true,"href":"https:\/\/embajadadepanamaenfrancia.fr\/fr\/wp-json\/wp\/v2\/comments?post=9626"}],"version-history":[{"count":1,"href":"https:\/\/embajadadepanamaenfrancia.fr\/fr\/wp-json\/wp\/v2\/posts\/9626\/revisions"}],"predecessor-version":[{"id":9627,"href":"https:\/\/embajadadepanamaenfrancia.fr\/fr\/wp-json\/wp\/v2\/posts\/9626\/revisions\/9627"}],"wp:featuredmedia":[{"embeddable":true,"href":"https:\/\/embajadadepanamaenfrancia.fr\/fr\/wp-json\/wp\/v2\/media\/9619"}],"wp:attachment":[{"href":"https:\/\/embajadadepanamaenfrancia.fr\/fr\/wp-json\/wp\/v2\/media?parent=9626"}],"wp:term":[{"taxonomy":"category","embeddable":true,"href":"https:\/\/embajadadepanamaenfrancia.fr\/fr\/wp-json\/wp\/v2\/categories?post=9626"},{"taxonomy":"post_tag","embeddable":true,"href":"https:\/\/embajadadepanamaenfrancia.fr\/fr\/wp-json\/wp\/v2\/tags?post=9626"}],"curies":[{"name":"wp","href":"https:\/\/api.w.org\/{rel}","templated":true}]}}