{"id":9790,"date":"2020-05-08T13:16:33","date_gmt":"2020-05-08T11:16:33","guid":{"rendered":"https:\/\/embajadadepanamaenfrancia.fr\/panama-rechaza-inclusion-en-la-lista-europea-en-temas-de-lavado-de-dinero-y-lo-califica-de-arbitrario-e-inconsciente\/"},"modified":"2020-05-08T13:41:06","modified_gmt":"2020-05-08T11:41:06","slug":"le-panama-rejette-son-inclusion-dans-la-liste-des-paradis-fiscaux-de-lue","status":"publish","type":"post","link":"https:\/\/embajadadepanamaenfrancia.fr\/fr\/le-panama-rejette-son-inclusion-dans-la-liste-des-paradis-fiscaux-de-lue\/","title":{"rendered":"Le Panama rejette son inclusion dans la liste des paradis fiscaux de l&rsquo;UE"},"content":{"rendered":"<blockquote class=\"twitter-tweet\" data-width=\"550\" data-dnt=\"true\">\n<p lang=\"es\" dir=\"ltr\">En Canciller\u00eda estamos desplegando todos los esfuerzos diplom\u00e1ticos que esta situaci\u00f3n amerita y esperamos que el Consejo de  representantes de los Estados miembros y el Parlamento Europeo no permitan su entrada en vigencia.<\/p>\n<p>&mdash; Alejandro Ferrer (@aferrerl) <a href=\"https:\/\/twitter.com\/aferrerl\/status\/1258529115306524672?ref_src=twsrc%5Etfw\">May 7, 2020<\/a><\/p><\/blockquote>\n<p><script async src=\"https:\/\/platform.twitter.com\/widgets.js\" charset=\"utf-8\"><\/script><\/p>\n<p>Le gouvernement national rejette fermement l&rsquo;adoption d&rsquo;une recommandation de la Commission europ\u00e9enne au Conseil des repr\u00e9sentants et au Parlement europ\u00e9en visant \u00e0 inclure le Panama dans une liste de juridictions pr\u00e9sentant des lacunes dans la lutte contre le blanchiment de capitaux, qui serait effective \u00e0 partir d&rsquo;octobre 2020. Le La Commission europ\u00e9enne a utilis\u00e9 comme crit\u00e8re pour sa recommandation la liste des pays figurant sur la liste du GAFI.<\/p>\n<p>Le gouvernement national a exprim\u00e9 de la mani\u00e8re la plus \u00e9nergique son d\u00e9saccord avec cette action injustifi\u00e9e, arbitraire et extemporan\u00e9e, sur la base des consid\u00e9rations suivantes:<\/p>\n<p>1- Cette recommandation n&rsquo;est pas bas\u00e9e sur une \u00e9valuation ind\u00e9pendante de l&rsquo;Union europ\u00e9enne ni n&rsquo;ob\u00e9it \u00e0 la r\u00e9alit\u00e9 actuelle du Panama.<br \/>\nAu contraire, cette recommandation se fonde uniquement sur l&rsquo;inclusion du Panama dans la liste grise du GAFI en juin 2019. Il faut rappeler que le GAFI a d\u00e9cid\u00e9 d&rsquo;inclure le Panama sur la base de son \u00e9valuation de la p\u00e9riode 2017-2018.<\/p>\n<p>2- Aucune notification officielle n&rsquo;a \u00e9t\u00e9 re\u00e7ue.<br \/>\nLe Panama avait d\u00e9nonc\u00e9 cette possibilit\u00e9 il y a des mois, puisque l&rsquo;Union europ\u00e9enne avait inscrit en janvier le Panama sur la liste des pays non coop\u00e9ratifs en mati\u00e8re fiscale pour la seule raison de sa notation OCDE. Cependant, \u00e0 aucun moment le Panama n&rsquo;a re\u00e7u de notification officielle de cette inscription, et aucun m\u00e9canisme n&rsquo;a \u00e9t\u00e9 \u00e9tabli pour nous donner l&rsquo;occasion de pr\u00e9senter les progr\u00e8s clairs du pays au cours des deux derni\u00e8res ann\u00e9es, puisque nous avons \u00e9t\u00e9 automatiquement inclus parce que nous \u00e9tions en la liste du GAFI.<\/p>\n<p>3- L&rsquo;imposition de listes grises en pleine crise sanitaire et \u00e9conomique est non seulement regrettable mais incompatible avec une politique de solidarit\u00e9 et de coop\u00e9ration.<\/p>\n<p>Le gouvernement national, sous la coordination de l&rsquo;UCSI \u00e0 la pr\u00e9sidence et de l&rsquo;UAF, poursuivra l&rsquo;\u00e9laboration de son plan d&rsquo;action en vue de retirer la liste du GAFI en f\u00e9vrier 2021 conform\u00e9ment \u00e0 l&rsquo;agenda du pays en mati\u00e8re de transparence, de lutte contre le blanchiment d&rsquo;argent. l\u2019argent et le financement du terrorisme, le renforcement de ses institutions et le respect effectif de la loi.<\/p>\n","protected":false},"excerpt":{"rendered":"<p>En Canciller\u00eda estamos desplegando todos los esfuerzos diplom\u00e1ticos que esta situaci\u00f3n amerita y esperamos que el Consejo de representantes de los Estados miembros y el Parlamento Europeo no permitan su entrada en vigencia. &mdash; Alejandro Ferrer (@aferrerl) May 7, 2020 Le gouvernement national rejette fermement l&rsquo;adoption d&rsquo;une recommandation de la Commission europ\u00e9enne au Conseil des [&hellip;]<\/p>\n","protected":false},"author":4,"featured_media":6899,"comment_status":"closed","ping_status":"closed","sticky":false,"template":"","format":"standard","meta":{"_et_pb_use_builder":"","_et_pb_old_content":"","_et_gb_content_width":"","footnotes":""},"categories":[36,50],"tags":[],"class_list":["post-9790","post","type-post","status-publish","format-standard","has-post-thumbnail","hentry","category-couverture","category-economie","et-has-post-format-content","et_post_format-et-post-format-standard"],"yoast_head":"<!-- This site is optimized with the Yoast SEO plugin v23.6 - https:\/\/yoast.com\/wordpress\/plugins\/seo\/ -->\n<title>Le Panama rejette son inclusion dans la liste des paradis fiscaux de l&#039;UE - Embajada de Panam\u00e1 en Francia - Ambassade du Panama en France<\/title>\n<meta name=\"robots\" content=\"index, follow, max-snippet:-1, max-image-preview:large, max-video-preview:-1\" \/>\n<link rel=\"canonical\" href=\"https:\/\/embajadadepanamaenfrancia.fr\/fr\/le-panama-rejette-son-inclusion-dans-la-liste-des-paradis-fiscaux-de-lue\/\" \/>\n<meta property=\"og:locale\" content=\"fr_FR\" \/>\n<meta property=\"og:type\" content=\"article\" \/>\n<meta property=\"og:title\" content=\"Le Panama rejette son inclusion dans la liste des paradis fiscaux de l&#039;UE - Embajada de Panam\u00e1 en Francia - Ambassade du Panama en France\" \/>\n<meta property=\"og:description\" content=\"En Canciller\u00eda estamos desplegando todos los esfuerzos diplom\u00e1ticos que esta situaci\u00f3n amerita y esperamos que el Consejo de representantes de los Estados miembros y el Parlamento Europeo no permitan su entrada en vigencia. &mdash; Alejandro Ferrer (@aferrerl) May 7, 2020 Le gouvernement national rejette fermement l&rsquo;adoption d&rsquo;une recommandation de la Commission europ\u00e9enne au Conseil des [&hellip;]\" \/>\n<meta property=\"og:url\" content=\"https:\/\/embajadadepanamaenfrancia.fr\/fr\/le-panama-rejette-son-inclusion-dans-la-liste-des-paradis-fiscaux-de-lue\/\" \/>\n<meta property=\"og:site_name\" content=\"Embajada de Panam\u00e1 en Francia - Ambassade du Panama en France\" \/>\n<meta property=\"article:published_time\" content=\"2020-05-08T11:16:33+00:00\" \/>\n<meta property=\"article:modified_time\" content=\"2020-05-08T11:41:06+00:00\" \/>\n<meta property=\"og:image\" content=\"https:\/\/embajadadepanamaenfrancia.fr\/wp-content\/uploads\/2020\/02\/Alejandro-Ferrer-foro-Vision-2020-3-1.jpg\" \/>\n\t<meta property=\"og:image:width\" content=\"1257\" \/>\n\t<meta property=\"og:image:height\" content=\"739\" \/>\n\t<meta property=\"og:image:type\" content=\"image\/jpeg\" \/>\n<meta name=\"author\" content=\"Embajada\" \/>\n<meta name=\"twitter:card\" content=\"summary_large_image\" \/>\n<meta name=\"twitter:label1\" content=\"\u00c9crit par\" \/>\n\t<meta name=\"twitter:data1\" content=\"Embajada\" \/>\n\t<meta name=\"twitter:label2\" content=\"Dur\u00e9e de lecture estim\u00e9e\" \/>\n\t<meta name=\"twitter:data2\" content=\"2 minutes\" \/>\n<script type=\"application\/ld+json\" class=\"yoast-schema-graph\">{\"@context\":\"https:\/\/schema.org\",\"@graph\":[{\"@type\":\"WebPage\",\"@id\":\"https:\/\/embajadadepanamaenfrancia.fr\/fr\/le-panama-rejette-son-inclusion-dans-la-liste-des-paradis-fiscaux-de-lue\/\",\"url\":\"https:\/\/embajadadepanamaenfrancia.fr\/fr\/le-panama-rejette-son-inclusion-dans-la-liste-des-paradis-fiscaux-de-lue\/\",\"name\":\"Le Panama rejette son inclusion dans la liste des paradis fiscaux de l'UE - Embajada de Panam\u00e1 en Francia - Ambassade du Panama en France\",\"isPartOf\":{\"@id\":\"https:\/\/embajadadepanamaenfrancia.fr\/fr\/#website\"},\"primaryImageOfPage\":{\"@id\":\"https:\/\/embajadadepanamaenfrancia.fr\/fr\/le-panama-rejette-son-inclusion-dans-la-liste-des-paradis-fiscaux-de-lue\/#primaryimage\"},\"image\":{\"@id\":\"https:\/\/embajadadepanamaenfrancia.fr\/fr\/le-panama-rejette-son-inclusion-dans-la-liste-des-paradis-fiscaux-de-lue\/#primaryimage\"},\"thumbnailUrl\":\"https:\/\/embajadadepanamaenfrancia.fr\/wp-content\/uploads\/2020\/02\/Alejandro-Ferrer-foro-Vision-2020-3-1.jpg\",\"datePublished\":\"2020-05-08T11:16:33+00:00\",\"dateModified\":\"2020-05-08T11:41:06+00:00\",\"author\":{\"@id\":\"https:\/\/embajadadepanamaenfrancia.fr\/fr\/#\/schema\/person\/9c07295aa54fa6c2c6ab7c7f500d4f64\"},\"breadcrumb\":{\"@id\":\"https:\/\/embajadadepanamaenfrancia.fr\/fr\/le-panama-rejette-son-inclusion-dans-la-liste-des-paradis-fiscaux-de-lue\/#breadcrumb\"},\"inLanguage\":\"fr-FR\",\"potentialAction\":[{\"@type\":\"ReadAction\",\"target\":[\"https:\/\/embajadadepanamaenfrancia.fr\/fr\/le-panama-rejette-son-inclusion-dans-la-liste-des-paradis-fiscaux-de-lue\/\"]}]},{\"@type\":\"ImageObject\",\"inLanguage\":\"fr-FR\",\"@id\":\"https:\/\/embajadadepanamaenfrancia.fr\/fr\/le-panama-rejette-son-inclusion-dans-la-liste-des-paradis-fiscaux-de-lue\/#primaryimage\",\"url\":\"https:\/\/embajadadepanamaenfrancia.fr\/wp-content\/uploads\/2020\/02\/Alejandro-Ferrer-foro-Vision-2020-3-1.jpg\",\"contentUrl\":\"https:\/\/embajadadepanamaenfrancia.fr\/wp-content\/uploads\/2020\/02\/Alejandro-Ferrer-foro-Vision-2020-3-1.jpg\",\"width\":1257,\"height\":739,\"caption\":\"ministro de Relaciones Exteriores, Alejandro Ferrer Panam\u00e1\"},{\"@type\":\"BreadcrumbList\",\"@id\":\"https:\/\/embajadadepanamaenfrancia.fr\/fr\/le-panama-rejette-son-inclusion-dans-la-liste-des-paradis-fiscaux-de-lue\/#breadcrumb\",\"itemListElement\":[{\"@type\":\"ListItem\",\"position\":1,\"name\":\"Portada\",\"item\":\"https:\/\/embajadadepanamaenfrancia.fr\/fr\/\"},{\"@type\":\"ListItem\",\"position\":2,\"name\":\"Le Panama rejette son inclusion dans la liste des paradis fiscaux de l&#8217;UE\"}]},{\"@type\":\"WebSite\",\"@id\":\"https:\/\/embajadadepanamaenfrancia.fr\/fr\/#website\",\"url\":\"https:\/\/embajadadepanamaenfrancia.fr\/fr\/\",\"name\":\"Embajada de Panam\u00e1 en Francia - Ambassade du Panama en France\",\"description\":\"Bienvenido al sitio de la Embajada de Panam\u00e1 en Francia - Bienvenu \u00e0 l&#039;Ambassade du Panama en France\",\"potentialAction\":[{\"@type\":\"SearchAction\",\"target\":{\"@type\":\"EntryPoint\",\"urlTemplate\":\"https:\/\/embajadadepanamaenfrancia.fr\/fr\/?s={search_term_string}\"},\"query-input\":{\"@type\":\"PropertyValueSpecification\",\"valueRequired\":true,\"valueName\":\"search_term_string\"}}],\"inLanguage\":\"fr-FR\"},{\"@type\":\"Person\",\"@id\":\"https:\/\/embajadadepanamaenfrancia.fr\/fr\/#\/schema\/person\/9c07295aa54fa6c2c6ab7c7f500d4f64\",\"name\":\"Embajada\",\"sameAs\":[\"http:\/\/0670114215\"],\"url\":\"https:\/\/embajadadepanamaenfrancia.fr\/fr\/author\/patagonia_torrijos\/\"}]}<\/script>\n<!-- \/ Yoast SEO plugin. -->","yoast_head_json":{"title":"Le Panama rejette son inclusion dans la liste des paradis fiscaux de l'UE - Embajada de Panam\u00e1 en Francia - Ambassade du Panama en France","robots":{"index":"index","follow":"follow","max-snippet":"max-snippet:-1","max-image-preview":"max-image-preview:large","max-video-preview":"max-video-preview:-1"},"canonical":"https:\/\/embajadadepanamaenfrancia.fr\/fr\/le-panama-rejette-son-inclusion-dans-la-liste-des-paradis-fiscaux-de-lue\/","og_locale":"fr_FR","og_type":"article","og_title":"Le Panama rejette son inclusion dans la liste des paradis fiscaux de l'UE - Embajada de Panam\u00e1 en Francia - Ambassade du Panama en France","og_description":"En Canciller\u00eda estamos desplegando todos los esfuerzos diplom\u00e1ticos que esta situaci\u00f3n amerita y esperamos que el Consejo de representantes de los Estados miembros y el Parlamento Europeo no permitan su entrada en vigencia. &mdash; Alejandro Ferrer (@aferrerl) May 7, 2020 Le gouvernement national rejette fermement l&rsquo;adoption d&rsquo;une recommandation de la Commission europ\u00e9enne au Conseil des [&hellip;]","og_url":"https:\/\/embajadadepanamaenfrancia.fr\/fr\/le-panama-rejette-son-inclusion-dans-la-liste-des-paradis-fiscaux-de-lue\/","og_site_name":"Embajada de Panam\u00e1 en Francia - Ambassade du Panama en France","article_published_time":"2020-05-08T11:16:33+00:00","article_modified_time":"2020-05-08T11:41:06+00:00","og_image":[{"width":1257,"height":739,"url":"https:\/\/embajadadepanamaenfrancia.fr\/wp-content\/uploads\/2020\/02\/Alejandro-Ferrer-foro-Vision-2020-3-1.jpg","type":"image\/jpeg"}],"author":"Embajada","twitter_card":"summary_large_image","twitter_misc":{"\u00c9crit par":"Embajada","Dur\u00e9e de lecture estim\u00e9e":"2 minutes"},"schema":{"@context":"https:\/\/schema.org","@graph":[{"@type":"WebPage","@id":"https:\/\/embajadadepanamaenfrancia.fr\/fr\/le-panama-rejette-son-inclusion-dans-la-liste-des-paradis-fiscaux-de-lue\/","url":"https:\/\/embajadadepanamaenfrancia.fr\/fr\/le-panama-rejette-son-inclusion-dans-la-liste-des-paradis-fiscaux-de-lue\/","name":"Le Panama rejette son inclusion dans la liste des paradis fiscaux de l'UE - Embajada de Panam\u00e1 en Francia - Ambassade du Panama en France","isPartOf":{"@id":"https:\/\/embajadadepanamaenfrancia.fr\/fr\/#website"},"primaryImageOfPage":{"@id":"https:\/\/embajadadepanamaenfrancia.fr\/fr\/le-panama-rejette-son-inclusion-dans-la-liste-des-paradis-fiscaux-de-lue\/#primaryimage"},"image":{"@id":"https:\/\/embajadadepanamaenfrancia.fr\/fr\/le-panama-rejette-son-inclusion-dans-la-liste-des-paradis-fiscaux-de-lue\/#primaryimage"},"thumbnailUrl":"https:\/\/embajadadepanamaenfrancia.fr\/wp-content\/uploads\/2020\/02\/Alejandro-Ferrer-foro-Vision-2020-3-1.jpg","datePublished":"2020-05-08T11:16:33+00:00","dateModified":"2020-05-08T11:41:06+00:00","author":{"@id":"https:\/\/embajadadepanamaenfrancia.fr\/fr\/#\/schema\/person\/9c07295aa54fa6c2c6ab7c7f500d4f64"},"breadcrumb":{"@id":"https:\/\/embajadadepanamaenfrancia.fr\/fr\/le-panama-rejette-son-inclusion-dans-la-liste-des-paradis-fiscaux-de-lue\/#breadcrumb"},"inLanguage":"fr-FR","potentialAction":[{"@type":"ReadAction","target":["https:\/\/embajadadepanamaenfrancia.fr\/fr\/le-panama-rejette-son-inclusion-dans-la-liste-des-paradis-fiscaux-de-lue\/"]}]},{"@type":"ImageObject","inLanguage":"fr-FR","@id":"https:\/\/embajadadepanamaenfrancia.fr\/fr\/le-panama-rejette-son-inclusion-dans-la-liste-des-paradis-fiscaux-de-lue\/#primaryimage","url":"https:\/\/embajadadepanamaenfrancia.fr\/wp-content\/uploads\/2020\/02\/Alejandro-Ferrer-foro-Vision-2020-3-1.jpg","contentUrl":"https:\/\/embajadadepanamaenfrancia.fr\/wp-content\/uploads\/2020\/02\/Alejandro-Ferrer-foro-Vision-2020-3-1.jpg","width":1257,"height":739,"caption":"ministro de Relaciones Exteriores, Alejandro Ferrer Panam\u00e1"},{"@type":"BreadcrumbList","@id":"https:\/\/embajadadepanamaenfrancia.fr\/fr\/le-panama-rejette-son-inclusion-dans-la-liste-des-paradis-fiscaux-de-lue\/#breadcrumb","itemListElement":[{"@type":"ListItem","position":1,"name":"Portada","item":"https:\/\/embajadadepanamaenfrancia.fr\/fr\/"},{"@type":"ListItem","position":2,"name":"Le Panama rejette son inclusion dans la liste des paradis fiscaux de l&#8217;UE"}]},{"@type":"WebSite","@id":"https:\/\/embajadadepanamaenfrancia.fr\/fr\/#website","url":"https:\/\/embajadadepanamaenfrancia.fr\/fr\/","name":"Embajada de Panam\u00e1 en Francia - Ambassade du Panama en France","description":"Bienvenido al sitio de la Embajada de Panam\u00e1 en Francia - Bienvenu \u00e0 l&#039;Ambassade du Panama en France","potentialAction":[{"@type":"SearchAction","target":{"@type":"EntryPoint","urlTemplate":"https:\/\/embajadadepanamaenfrancia.fr\/fr\/?s={search_term_string}"},"query-input":{"@type":"PropertyValueSpecification","valueRequired":true,"valueName":"search_term_string"}}],"inLanguage":"fr-FR"},{"@type":"Person","@id":"https:\/\/embajadadepanamaenfrancia.fr\/fr\/#\/schema\/person\/9c07295aa54fa6c2c6ab7c7f500d4f64","name":"Embajada","sameAs":["http:\/\/0670114215"],"url":"https:\/\/embajadadepanamaenfrancia.fr\/fr\/author\/patagonia_torrijos\/"}]}},"_links":{"self":[{"href":"https:\/\/embajadadepanamaenfrancia.fr\/fr\/wp-json\/wp\/v2\/posts\/9790"}],"collection":[{"href":"https:\/\/embajadadepanamaenfrancia.fr\/fr\/wp-json\/wp\/v2\/posts"}],"about":[{"href":"https:\/\/embajadadepanamaenfrancia.fr\/fr\/wp-json\/wp\/v2\/types\/post"}],"author":[{"embeddable":true,"href":"https:\/\/embajadadepanamaenfrancia.fr\/fr\/wp-json\/wp\/v2\/users\/4"}],"replies":[{"embeddable":true,"href":"https:\/\/embajadadepanamaenfrancia.fr\/fr\/wp-json\/wp\/v2\/comments?post=9790"}],"version-history":[{"count":3,"href":"https:\/\/embajadadepanamaenfrancia.fr\/fr\/wp-json\/wp\/v2\/posts\/9790\/revisions"}],"predecessor-version":[{"id":9793,"href":"https:\/\/embajadadepanamaenfrancia.fr\/fr\/wp-json\/wp\/v2\/posts\/9790\/revisions\/9793"}],"wp:featuredmedia":[{"embeddable":true,"href":"https:\/\/embajadadepanamaenfrancia.fr\/fr\/wp-json\/wp\/v2\/media\/6899"}],"wp:attachment":[{"href":"https:\/\/embajadadepanamaenfrancia.fr\/fr\/wp-json\/wp\/v2\/media?parent=9790"}],"wp:term":[{"taxonomy":"category","embeddable":true,"href":"https:\/\/embajadadepanamaenfrancia.fr\/fr\/wp-json\/wp\/v2\/categories?post=9790"},{"taxonomy":"post_tag","embeddable":true,"href":"https:\/\/embajadadepanamaenfrancia.fr\/fr\/wp-json\/wp\/v2\/tags?post=9790"}],"curies":[{"name":"wp","href":"https:\/\/api.w.org\/{rel}","templated":true}]}}