{"id":9998,"date":"2020-06-02T11:09:58","date_gmt":"2020-06-02T09:09:58","guid":{"rendered":"https:\/\/embajadadepanamaenfrancia.fr\/s-e-issamary-sanchez-participo-en-reencuentro-virtual-de-embajadoras-en-francia\/"},"modified":"2020-06-02T14:40:05","modified_gmt":"2020-06-02T12:40:05","slug":"s-e-issamary-sanchez-participo-en-reencuentro-virtual-de-embajadoras-en-francia","status":"publish","type":"post","link":"https:\/\/embajadadepanamaenfrancia.fr\/fr\/s-e-issamary-sanchez-participo-en-reencuentro-virtual-de-embajadoras-en-francia\/","title":{"rendered":"S.E. Issamary S\u00e1nchez, a particip\u00e9 \u00e0 la r\u00e9union virtuelle des ambassadeurs en France"},"content":{"rendered":"<p>Notre ambassadrice, S.E. Issamary S\u00e1nchez, a particip\u00e9 \u00e0 la r\u00e9union virtuelle des ambassadeurs en France, aux c\u00f4t\u00e9s de Marl\u00e9ne Schiappa, Secr\u00e9taire d\u2019Etat charg\u00e9e de l\u2019Egalit\u00e9 entre les femmes et les hommes et de la Lutte contre les discriminations du gouvernement fran\u00e7ais; o\u00f9 les questions de l&rsquo;\u00e9galit\u00e9 des sexes et des droits des femmes ont \u00e9t\u00e9 abord\u00e9es, en particulier pendant le confinement.<\/p>\n<p><img loading=\"lazy\" decoding=\"async\" class=\"alignnone size-full wp-image-9993\" src=\"https:\/\/embajadadepanamaenfrancia.fr\/wp-content\/uploads\/2020\/06\/IMG-20200601-WA0002.jpg\" alt=\"\" width=\"1280\" height=\"1278\" srcset=\"https:\/\/embajadadepanamaenfrancia.fr\/wp-content\/uploads\/2020\/06\/IMG-20200601-WA0002.jpg 1280w, https:\/\/embajadadepanamaenfrancia.fr\/wp-content\/uploads\/2020\/06\/IMG-20200601-WA0002-300x300.jpg 300w, https:\/\/embajadadepanamaenfrancia.fr\/wp-content\/uploads\/2020\/06\/IMG-20200601-WA0002-1024x1022.jpg 1024w, https:\/\/embajadadepanamaenfrancia.fr\/wp-content\/uploads\/2020\/06\/IMG-20200601-WA0002-150x150.jpg 150w, https:\/\/embajadadepanamaenfrancia.fr\/wp-content\/uploads\/2020\/06\/IMG-20200601-WA0002-768x767.jpg 768w, https:\/\/embajadadepanamaenfrancia.fr\/wp-content\/uploads\/2020\/06\/IMG-20200601-WA0002-1080x1078.jpg 1080w, https:\/\/embajadadepanamaenfrancia.fr\/wp-content\/uploads\/2020\/06\/IMG-20200601-WA0002-440x440.jpg 440w\" sizes=\"(max-width: 1280px) 100vw, 1280px\" \/><\/p>\n","protected":false},"excerpt":{"rendered":"<p>Notre ambassadrice, S.E. Issamary S\u00e1nchez, a particip\u00e9 \u00e0 la r\u00e9union virtuelle des ambassadeurs en France, aux c\u00f4t\u00e9s de Marl\u00e9ne Schiappa, Secr\u00e9taire d\u2019Etat charg\u00e9e de l\u2019Egalit\u00e9 entre les femmes et les hommes et de la Lutte contre les discriminations du gouvernement fran\u00e7ais; o\u00f9 les questions de l&rsquo;\u00e9galit\u00e9 des sexes et des droits des femmes ont \u00e9t\u00e9 [&hellip;]<\/p>\n","protected":false},"author":4,"featured_media":9994,"comment_status":"closed","ping_status":"closed","sticky":false,"template":"","format":"standard","meta":{"_et_pb_use_builder":"","_et_pb_old_content":"","_et_gb_content_width":"","footnotes":""},"categories":[33,48,34],"tags":[],"class_list":["post-9998","post","type-post","status-publish","format-standard","has-post-thumbnail","hentry","category-culture","category-education","category-politique","et-has-post-format-content","et_post_format-et-post-format-standard"],"yoast_head":"<!-- This site is optimized with the Yoast SEO plugin v23.6 - https:\/\/yoast.com\/wordpress\/plugins\/seo\/ -->\n<title>S.E. Issamary S\u00e1nchez, a particip\u00e9 \u00e0 la r\u00e9union virtuelle des ambassadeurs en France - Embajada de Panam\u00e1 en Francia - Ambassade du Panama en France<\/title>\n<meta name=\"robots\" content=\"index, follow, max-snippet:-1, max-image-preview:large, max-video-preview:-1\" \/>\n<link rel=\"canonical\" href=\"https:\/\/embajadadepanamaenfrancia.fr\/fr\/s-e-issamary-sanchez-participo-en-reencuentro-virtual-de-embajadoras-en-francia\/\" \/>\n<meta property=\"og:locale\" content=\"fr_FR\" \/>\n<meta property=\"og:type\" content=\"article\" \/>\n<meta property=\"og:title\" content=\"S.E. Issamary S\u00e1nchez, a particip\u00e9 \u00e0 la r\u00e9union virtuelle des ambassadeurs en France - Embajada de Panam\u00e1 en Francia - Ambassade du Panama en France\" \/>\n<meta property=\"og:description\" content=\"Notre ambassadrice, S.E. Issamary S\u00e1nchez, a particip\u00e9 \u00e0 la r\u00e9union virtuelle des ambassadeurs en France, aux c\u00f4t\u00e9s de Marl\u00e9ne Schiappa, Secr\u00e9taire d\u2019Etat charg\u00e9e de l\u2019Egalit\u00e9 entre les femmes et les hommes et de la Lutte contre les discriminations du gouvernement fran\u00e7ais; o\u00f9 les questions de l&rsquo;\u00e9galit\u00e9 des sexes et des droits des femmes ont \u00e9t\u00e9 [&hellip;]\" \/>\n<meta property=\"og:url\" content=\"https:\/\/embajadadepanamaenfrancia.fr\/fr\/s-e-issamary-sanchez-participo-en-reencuentro-virtual-de-embajadoras-en-francia\/\" \/>\n<meta property=\"og:site_name\" content=\"Embajada de Panam\u00e1 en Francia - Ambassade du Panama en France\" \/>\n<meta property=\"article:published_time\" content=\"2020-06-02T09:09:58+00:00\" \/>\n<meta property=\"article:modified_time\" content=\"2020-06-02T12:40:05+00:00\" \/>\n<meta property=\"og:image\" content=\"https:\/\/embajadadepanamaenfrancia.fr\/wp-content\/uploads\/2020\/06\/IMG-20200601-WA0002.jpg\" \/>\n\t<meta property=\"og:image:width\" content=\"1280\" \/>\n\t<meta property=\"og:image:height\" content=\"1278\" \/>\n\t<meta property=\"og:image:type\" content=\"image\/jpeg\" \/>\n<meta name=\"author\" content=\"Embajada\" \/>\n<meta name=\"twitter:card\" content=\"summary_large_image\" \/>\n<meta name=\"twitter:label1\" content=\"\u00c9crit par\" \/>\n\t<meta name=\"twitter:data1\" content=\"Embajada\" \/>\n<script type=\"application\/ld+json\" class=\"yoast-schema-graph\">{\"@context\":\"https:\/\/schema.org\",\"@graph\":[{\"@type\":\"WebPage\",\"@id\":\"https:\/\/embajadadepanamaenfrancia.fr\/fr\/s-e-issamary-sanchez-participo-en-reencuentro-virtual-de-embajadoras-en-francia\/\",\"url\":\"https:\/\/embajadadepanamaenfrancia.fr\/fr\/s-e-issamary-sanchez-participo-en-reencuentro-virtual-de-embajadoras-en-francia\/\",\"name\":\"S.E. Issamary S\u00e1nchez, a particip\u00e9 \u00e0 la r\u00e9union virtuelle des ambassadeurs en France - Embajada de Panam\u00e1 en Francia - Ambassade du Panama en France\",\"isPartOf\":{\"@id\":\"https:\/\/embajadadepanamaenfrancia.fr\/fr\/#website\"},\"primaryImageOfPage\":{\"@id\":\"https:\/\/embajadadepanamaenfrancia.fr\/fr\/s-e-issamary-sanchez-participo-en-reencuentro-virtual-de-embajadoras-en-francia\/#primaryimage\"},\"image\":{\"@id\":\"https:\/\/embajadadepanamaenfrancia.fr\/fr\/s-e-issamary-sanchez-participo-en-reencuentro-virtual-de-embajadoras-en-francia\/#primaryimage\"},\"thumbnailUrl\":\"https:\/\/embajadadepanamaenfrancia.fr\/wp-content\/uploads\/2020\/06\/IMG-20200601-WA0002.jpg\",\"datePublished\":\"2020-06-02T09:09:58+00:00\",\"dateModified\":\"2020-06-02T12:40:05+00:00\",\"author\":{\"@id\":\"https:\/\/embajadadepanamaenfrancia.fr\/fr\/#\/schema\/person\/9c07295aa54fa6c2c6ab7c7f500d4f64\"},\"breadcrumb\":{\"@id\":\"https:\/\/embajadadepanamaenfrancia.fr\/fr\/s-e-issamary-sanchez-participo-en-reencuentro-virtual-de-embajadoras-en-francia\/#breadcrumb\"},\"inLanguage\":\"fr-FR\",\"potentialAction\":[{\"@type\":\"ReadAction\",\"target\":[\"https:\/\/embajadadepanamaenfrancia.fr\/fr\/s-e-issamary-sanchez-participo-en-reencuentro-virtual-de-embajadoras-en-francia\/\"]}]},{\"@type\":\"ImageObject\",\"inLanguage\":\"fr-FR\",\"@id\":\"https:\/\/embajadadepanamaenfrancia.fr\/fr\/s-e-issamary-sanchez-participo-en-reencuentro-virtual-de-embajadoras-en-francia\/#primaryimage\",\"url\":\"https:\/\/embajadadepanamaenfrancia.fr\/wp-content\/uploads\/2020\/06\/IMG-20200601-WA0002.jpg\",\"contentUrl\":\"https:\/\/embajadadepanamaenfrancia.fr\/wp-content\/uploads\/2020\/06\/IMG-20200601-WA0002.jpg\",\"width\":1280,\"height\":1278},{\"@type\":\"BreadcrumbList\",\"@id\":\"https:\/\/embajadadepanamaenfrancia.fr\/fr\/s-e-issamary-sanchez-participo-en-reencuentro-virtual-de-embajadoras-en-francia\/#breadcrumb\",\"itemListElement\":[{\"@type\":\"ListItem\",\"position\":1,\"name\":\"Portada\",\"item\":\"https:\/\/embajadadepanamaenfrancia.fr\/fr\/\"},{\"@type\":\"ListItem\",\"position\":2,\"name\":\"S.E. Issamary S\u00e1nchez, a particip\u00e9 \u00e0 la r\u00e9union virtuelle des ambassadeurs en France\"}]},{\"@type\":\"WebSite\",\"@id\":\"https:\/\/embajadadepanamaenfrancia.fr\/fr\/#website\",\"url\":\"https:\/\/embajadadepanamaenfrancia.fr\/fr\/\",\"name\":\"Embajada de Panam\u00e1 en Francia - Ambassade du Panama en France\",\"description\":\"Bienvenido al sitio de la Embajada de Panam\u00e1 en Francia - Bienvenu \u00e0 l&#039;Ambassade du Panama en France\",\"potentialAction\":[{\"@type\":\"SearchAction\",\"target\":{\"@type\":\"EntryPoint\",\"urlTemplate\":\"https:\/\/embajadadepanamaenfrancia.fr\/fr\/?s={search_term_string}\"},\"query-input\":{\"@type\":\"PropertyValueSpecification\",\"valueRequired\":true,\"valueName\":\"search_term_string\"}}],\"inLanguage\":\"fr-FR\"},{\"@type\":\"Person\",\"@id\":\"https:\/\/embajadadepanamaenfrancia.fr\/fr\/#\/schema\/person\/9c07295aa54fa6c2c6ab7c7f500d4f64\",\"name\":\"Embajada\",\"sameAs\":[\"http:\/\/0670114215\"],\"url\":\"https:\/\/embajadadepanamaenfrancia.fr\/fr\/author\/patagonia_torrijos\/\"}]}<\/script>\n<!-- \/ Yoast SEO plugin. -->","yoast_head_json":{"title":"S.E. Issamary S\u00e1nchez, a particip\u00e9 \u00e0 la r\u00e9union virtuelle des ambassadeurs en France - Embajada de Panam\u00e1 en Francia - Ambassade du Panama en France","robots":{"index":"index","follow":"follow","max-snippet":"max-snippet:-1","max-image-preview":"max-image-preview:large","max-video-preview":"max-video-preview:-1"},"canonical":"https:\/\/embajadadepanamaenfrancia.fr\/fr\/s-e-issamary-sanchez-participo-en-reencuentro-virtual-de-embajadoras-en-francia\/","og_locale":"fr_FR","og_type":"article","og_title":"S.E. Issamary S\u00e1nchez, a particip\u00e9 \u00e0 la r\u00e9union virtuelle des ambassadeurs en France - Embajada de Panam\u00e1 en Francia - Ambassade du Panama en France","og_description":"Notre ambassadrice, S.E. Issamary S\u00e1nchez, a particip\u00e9 \u00e0 la r\u00e9union virtuelle des ambassadeurs en France, aux c\u00f4t\u00e9s de Marl\u00e9ne Schiappa, Secr\u00e9taire d\u2019Etat charg\u00e9e de l\u2019Egalit\u00e9 entre les femmes et les hommes et de la Lutte contre les discriminations du gouvernement fran\u00e7ais; o\u00f9 les questions de l&rsquo;\u00e9galit\u00e9 des sexes et des droits des femmes ont \u00e9t\u00e9 [&hellip;]","og_url":"https:\/\/embajadadepanamaenfrancia.fr\/fr\/s-e-issamary-sanchez-participo-en-reencuentro-virtual-de-embajadoras-en-francia\/","og_site_name":"Embajada de Panam\u00e1 en Francia - Ambassade du Panama en France","article_published_time":"2020-06-02T09:09:58+00:00","article_modified_time":"2020-06-02T12:40:05+00:00","og_image":[{"width":1280,"height":1278,"url":"https:\/\/embajadadepanamaenfrancia.fr\/wp-content\/uploads\/2020\/06\/IMG-20200601-WA0002.jpg","type":"image\/jpeg"}],"author":"Embajada","twitter_card":"summary_large_image","twitter_misc":{"\u00c9crit par":"Embajada"},"schema":{"@context":"https:\/\/schema.org","@graph":[{"@type":"WebPage","@id":"https:\/\/embajadadepanamaenfrancia.fr\/fr\/s-e-issamary-sanchez-participo-en-reencuentro-virtual-de-embajadoras-en-francia\/","url":"https:\/\/embajadadepanamaenfrancia.fr\/fr\/s-e-issamary-sanchez-participo-en-reencuentro-virtual-de-embajadoras-en-francia\/","name":"S.E. Issamary S\u00e1nchez, a particip\u00e9 \u00e0 la r\u00e9union virtuelle des ambassadeurs en France - Embajada de Panam\u00e1 en Francia - Ambassade du Panama en France","isPartOf":{"@id":"https:\/\/embajadadepanamaenfrancia.fr\/fr\/#website"},"primaryImageOfPage":{"@id":"https:\/\/embajadadepanamaenfrancia.fr\/fr\/s-e-issamary-sanchez-participo-en-reencuentro-virtual-de-embajadoras-en-francia\/#primaryimage"},"image":{"@id":"https:\/\/embajadadepanamaenfrancia.fr\/fr\/s-e-issamary-sanchez-participo-en-reencuentro-virtual-de-embajadoras-en-francia\/#primaryimage"},"thumbnailUrl":"https:\/\/embajadadepanamaenfrancia.fr\/wp-content\/uploads\/2020\/06\/IMG-20200601-WA0002.jpg","datePublished":"2020-06-02T09:09:58+00:00","dateModified":"2020-06-02T12:40:05+00:00","author":{"@id":"https:\/\/embajadadepanamaenfrancia.fr\/fr\/#\/schema\/person\/9c07295aa54fa6c2c6ab7c7f500d4f64"},"breadcrumb":{"@id":"https:\/\/embajadadepanamaenfrancia.fr\/fr\/s-e-issamary-sanchez-participo-en-reencuentro-virtual-de-embajadoras-en-francia\/#breadcrumb"},"inLanguage":"fr-FR","potentialAction":[{"@type":"ReadAction","target":["https:\/\/embajadadepanamaenfrancia.fr\/fr\/s-e-issamary-sanchez-participo-en-reencuentro-virtual-de-embajadoras-en-francia\/"]}]},{"@type":"ImageObject","inLanguage":"fr-FR","@id":"https:\/\/embajadadepanamaenfrancia.fr\/fr\/s-e-issamary-sanchez-participo-en-reencuentro-virtual-de-embajadoras-en-francia\/#primaryimage","url":"https:\/\/embajadadepanamaenfrancia.fr\/wp-content\/uploads\/2020\/06\/IMG-20200601-WA0002.jpg","contentUrl":"https:\/\/embajadadepanamaenfrancia.fr\/wp-content\/uploads\/2020\/06\/IMG-20200601-WA0002.jpg","width":1280,"height":1278},{"@type":"BreadcrumbList","@id":"https:\/\/embajadadepanamaenfrancia.fr\/fr\/s-e-issamary-sanchez-participo-en-reencuentro-virtual-de-embajadoras-en-francia\/#breadcrumb","itemListElement":[{"@type":"ListItem","position":1,"name":"Portada","item":"https:\/\/embajadadepanamaenfrancia.fr\/fr\/"},{"@type":"ListItem","position":2,"name":"S.E. Issamary S\u00e1nchez, a particip\u00e9 \u00e0 la r\u00e9union virtuelle des ambassadeurs en France"}]},{"@type":"WebSite","@id":"https:\/\/embajadadepanamaenfrancia.fr\/fr\/#website","url":"https:\/\/embajadadepanamaenfrancia.fr\/fr\/","name":"Embajada de Panam\u00e1 en Francia - Ambassade du Panama en France","description":"Bienvenido al sitio de la Embajada de Panam\u00e1 en Francia - Bienvenu \u00e0 l&#039;Ambassade du Panama en France","potentialAction":[{"@type":"SearchAction","target":{"@type":"EntryPoint","urlTemplate":"https:\/\/embajadadepanamaenfrancia.fr\/fr\/?s={search_term_string}"},"query-input":{"@type":"PropertyValueSpecification","valueRequired":true,"valueName":"search_term_string"}}],"inLanguage":"fr-FR"},{"@type":"Person","@id":"https:\/\/embajadadepanamaenfrancia.fr\/fr\/#\/schema\/person\/9c07295aa54fa6c2c6ab7c7f500d4f64","name":"Embajada","sameAs":["http:\/\/0670114215"],"url":"https:\/\/embajadadepanamaenfrancia.fr\/fr\/author\/patagonia_torrijos\/"}]}},"_links":{"self":[{"href":"https:\/\/embajadadepanamaenfrancia.fr\/fr\/wp-json\/wp\/v2\/posts\/9998"}],"collection":[{"href":"https:\/\/embajadadepanamaenfrancia.fr\/fr\/wp-json\/wp\/v2\/posts"}],"about":[{"href":"https:\/\/embajadadepanamaenfrancia.fr\/fr\/wp-json\/wp\/v2\/types\/post"}],"author":[{"embeddable":true,"href":"https:\/\/embajadadepanamaenfrancia.fr\/fr\/wp-json\/wp\/v2\/users\/4"}],"replies":[{"embeddable":true,"href":"https:\/\/embajadadepanamaenfrancia.fr\/fr\/wp-json\/wp\/v2\/comments?post=9998"}],"version-history":[{"count":2,"href":"https:\/\/embajadadepanamaenfrancia.fr\/fr\/wp-json\/wp\/v2\/posts\/9998\/revisions"}],"predecessor-version":[{"id":10000,"href":"https:\/\/embajadadepanamaenfrancia.fr\/fr\/wp-json\/wp\/v2\/posts\/9998\/revisions\/10000"}],"wp:featuredmedia":[{"embeddable":true,"href":"https:\/\/embajadadepanamaenfrancia.fr\/fr\/wp-json\/wp\/v2\/media\/9994"}],"wp:attachment":[{"href":"https:\/\/embajadadepanamaenfrancia.fr\/fr\/wp-json\/wp\/v2\/media?parent=9998"}],"wp:term":[{"taxonomy":"category","embeddable":true,"href":"https:\/\/embajadadepanamaenfrancia.fr\/fr\/wp-json\/wp\/v2\/categories?post=9998"},{"taxonomy":"post_tag","embeddable":true,"href":"https:\/\/embajadadepanamaenfrancia.fr\/fr\/wp-json\/wp\/v2\/tags?post=9998"}],"curies":[{"name":"wp","href":"https:\/\/api.w.org\/{rel}","templated":true}]}}